{"id":8337,"date":"2026-04-30T08:42:25","date_gmt":"2026-04-30T08:42:25","guid":{"rendered":"https:\/\/www.douanes.cm\/douanes-cameroun\/?p=8337"},"modified":"2026-04-30T08:42:30","modified_gmt":"2026-04-30T08:42:30","slug":"commandant-ndo-gervais-eric-un-exemple-pour-la-jeunesse","status":"publish","type":"post","link":"http:\/\/www.douanes.cm\/douanes-cameroun\/8337\/commandant-ndo-gervais-eric-un-exemple-pour-la-jeunesse\/","title":{"rendered":"Commandant Ndo Gervais \u00c9ric\u00a0: Un exemple pour la jeunesse"},"content":{"rendered":"\n<figure class=\"wp-block-image size-large\"><img loading=\"lazy\" width=\"1024\" height=\"768\" src=\"https:\/\/www.douanes.cm\/douanes-cameroun\/wp-content\/uploads\/2026\/04\/Passation-de-service-entre-le-Commandant-NDO-Gervais-Eric-et-lInspecteur-Principal-des-Douanes-EBAA-EFANDENE-Alain-Parfait-1024x768.jpeg\" alt=\"\" class=\"wp-image-8338\" srcset=\"http:\/\/www.douanes.cm\/douanes-cameroun\/wp-content\/uploads\/2026\/04\/Passation-de-service-entre-le-Commandant-NDO-Gervais-Eric-et-lInspecteur-Principal-des-Douanes-EBAA-EFANDENE-Alain-Parfait-1024x768.jpeg 1024w, http:\/\/www.douanes.cm\/douanes-cameroun\/wp-content\/uploads\/2026\/04\/Passation-de-service-entre-le-Commandant-NDO-Gervais-Eric-et-lInspecteur-Principal-des-Douanes-EBAA-EFANDENE-Alain-Parfait-300x225.jpeg 300w, http:\/\/www.douanes.cm\/douanes-cameroun\/wp-content\/uploads\/2026\/04\/Passation-de-service-entre-le-Commandant-NDO-Gervais-Eric-et-lInspecteur-Principal-des-Douanes-EBAA-EFANDENE-Alain-Parfait-768x576.jpeg 768w, http:\/\/www.douanes.cm\/douanes-cameroun\/wp-content\/uploads\/2026\/04\/Passation-de-service-entre-le-Commandant-NDO-Gervais-Eric-et-lInspecteur-Principal-des-Douanes-EBAA-EFANDENE-Alain-Parfait.jpeg 1280w\" sizes=\"(max-width: 1024px) 100vw, 1024px\" \/><\/figure>\n\n\n\n<p>La page de l&#8217;Administration des Douanes est d\u00e9finitivement tourn\u00e9e pour le Commandant NDO Gervais \u00c9ric qui a pass\u00e9 le t\u00e9moin \u00e0 l&#8217;Inspecteur Principal EBA&#8217;A EFANDENE Alain Parfait \u00e0 la t\u00eate de la Division des Enqu\u00eates Douani\u00e8res et de la Surveillance. Il en a profit\u00e9 pour animer une causerie professionnelle \u00e0 l&#8217;amphith\u00e9\u00e2tre et pour faire ses adieux aux armes ce mercredi 29 avril 2026 \u00e0 l&#8217;esplanade du Centre d&#8217;Instruction Douani\u00e8re \u00e0 Nomayos.<\/p>\n\n\n\n<p>Moments de pleine \u00e9motion ce jour au Centre d&#8217;Instruction Douani\u00e8re. S&#8217;il \u00e9tait commun que le Commandant NDO Gervais \u00c9ric anime des rencontres professionnelles dans cet amphith\u00e9\u00e2tre, il demeure que c&#8217;\u00e9tait sa derni\u00e8re prestation en qualit\u00e9 de Chef de la Division des Enqu\u00eates Douani\u00e8res et de la Surveillance. L&#8217;occasion aidant, il en a profit\u00e9 pour retracer les trajectoires de sa riche carri\u00e8re. <\/p>\n\n\n\n<figure class=\"wp-block-image size-large\"><img loading=\"lazy\" width=\"1024\" height=\"768\" src=\"https:\/\/www.douanes.cm\/douanes-cameroun\/wp-content\/uploads\/2026\/04\/WhatsApp-Image-2026-04-29-at-18.16.41-1024x768.jpeg\" alt=\"\" class=\"wp-image-8339\" srcset=\"http:\/\/www.douanes.cm\/douanes-cameroun\/wp-content\/uploads\/2026\/04\/WhatsApp-Image-2026-04-29-at-18.16.41-1024x768.jpeg 1024w, http:\/\/www.douanes.cm\/douanes-cameroun\/wp-content\/uploads\/2026\/04\/WhatsApp-Image-2026-04-29-at-18.16.41-300x225.jpeg 300w, http:\/\/www.douanes.cm\/douanes-cameroun\/wp-content\/uploads\/2026\/04\/WhatsApp-Image-2026-04-29-at-18.16.41-768x576.jpeg 768w, http:\/\/www.douanes.cm\/douanes-cameroun\/wp-content\/uploads\/2026\/04\/WhatsApp-Image-2026-04-29-at-18.16.41.jpeg 1280w\" sizes=\"(max-width: 1024px) 100vw, 1024px\" \/><\/figure>\n\n\n\n<p>Il a pass\u00e9 33 ann\u00e9es au service de l&#8217;Administration des Douanes, dont plus de la moiti\u00e9 dans les services op\u00e9rationnels et conceptuels de la surveillance. &lt;&lt; Le p\u00e8re de la Surveillance douani\u00e8re moderne >>, identifiant justifi\u00e9 par ses innovations et r\u00e9formes ambitieuses, a cumul\u00e9 de nombreux r\u00e9sultats dans le cadre des enqu\u00eates douani\u00e8res, de la surveillance et de la s\u00e9curit\u00e9.<\/p>\n\n\n\n<p>Un pr\u00e9cieux h\u00e9ritage<\/p>\n\n\n\n<p>La barque sera d\u00e9sormais conduite par l&#8217;Inspecteur Principal EBA&#8217;A EFANDENE Alain Parfait. L&#8217;ancien Chef du Secteur des Douanes de l&#8217;Extr\u00eame-Nord est conscient des attentes exprim\u00e9es par Monsieur le Directeur G\u00e9n\u00e9ral des Douanes. Il faut consolider les acquis et poursuivre le d\u00e9ploiement de nombreuses initiatives \u00e0 l&#8217;instar de la mise en place de la Brigade canine et l&#8217;utilisation des drones.<\/p>\n\n\n\n<figure class=\"wp-block-image size-large\"><img loading=\"lazy\" width=\"1024\" height=\"768\" src=\"https:\/\/www.douanes.cm\/douanes-cameroun\/wp-content\/uploads\/2026\/04\/WhatsApp-Image-2026-04-29-at-18.16.38-1024x768.jpeg\" alt=\"\" class=\"wp-image-8340\" srcset=\"http:\/\/www.douanes.cm\/douanes-cameroun\/wp-content\/uploads\/2026\/04\/WhatsApp-Image-2026-04-29-at-18.16.38-1024x768.jpeg 1024w, http:\/\/www.douanes.cm\/douanes-cameroun\/wp-content\/uploads\/2026\/04\/WhatsApp-Image-2026-04-29-at-18.16.38-300x225.jpeg 300w, http:\/\/www.douanes.cm\/douanes-cameroun\/wp-content\/uploads\/2026\/04\/WhatsApp-Image-2026-04-29-at-18.16.38-768x576.jpeg 768w, http:\/\/www.douanes.cm\/douanes-cameroun\/wp-content\/uploads\/2026\/04\/WhatsApp-Image-2026-04-29-at-18.16.38.jpeg 1280w\" sizes=\"(max-width: 1024px) 100vw, 1024px\" \/><\/figure>\n\n\n\n<p>Le nouveau patron des enqu\u00eates douani\u00e8res et de la surveillance pourra compter sur ses collaborateurs. De nouveaux challenges sont \u00e0 relever pour m\u00e9riter davantage la confiance de la hi\u00e9rarchie. Pas de repos donc. Une s\u00e9ance de travail est pr\u00e9vue demain (30\/04\/2026). Elle de partager des informations essentielles, de discuter des questions strategiques et op\u00e9rationnelles, de fixer le cap de la performance d&#8217;ensemble. Pendant cette rencontre, le Commandant DIMA Quentin Achille passera le service \u00e0 Cl\u00e9ment BAGNACK MOUNDOUANG, \u00e0 la t\u00eate de la Cellule de la Surveillance.<\/p>\n\n\n\n<p>Le dernier round du Commandant<\/p>\n\n\n\n<p>Pendant que les changements s&#8217;op\u00e8rent sous les yeux des contemporains au sein de la Division des Enqu\u00eates Douani\u00e8res et de la Surveillance, un autre \u00e9v\u00e9nement se glisse. Le Commandant NDO Gervais \u00c9ric, par\u00e9 de ses attributs honorifiques a chang\u00e9 sa tenue de travail pour sa tenue des c\u00e9r\u00e9monies. Il quitte la sc\u00e8ne militaire pour rejoindre ses charges embl\u00e9matiques de Pr\u00e9sident du Conseil R\u00e9gional du Sud. Le pas assur\u00e9 avec la m\u00eame intensit\u00e9 au sol, la gestuelle des bras et l&#8217;alignement du corps rappelle les \u00e9pop\u00e9es d&#8217;antan pour ceux qui ont connu le Commandant NDO Gervais \u00c9ric sur les th\u00e9\u00e2tres du d\u00e9fil\u00e9 et de l&#8217;ordre serr\u00e9. Le ma\u00eetre a donn\u00e9 \u00e0 voir sa derni\u00e8re touche. Elle \u00e9tait magistrale.<\/p>\n\n\n\n<figure class=\"wp-block-image size-large\"><img loading=\"lazy\" width=\"1024\" height=\"768\" src=\"https:\/\/www.douanes.cm\/douanes-cameroun\/wp-content\/uploads\/2026\/04\/WhatsApp-Image-2026-04-29-at-18.16.43-1024x768.jpeg\" alt=\"\" class=\"wp-image-8341\" srcset=\"http:\/\/www.douanes.cm\/douanes-cameroun\/wp-content\/uploads\/2026\/04\/WhatsApp-Image-2026-04-29-at-18.16.43-1024x768.jpeg 1024w, http:\/\/www.douanes.cm\/douanes-cameroun\/wp-content\/uploads\/2026\/04\/WhatsApp-Image-2026-04-29-at-18.16.43-300x225.jpeg 300w, http:\/\/www.douanes.cm\/douanes-cameroun\/wp-content\/uploads\/2026\/04\/WhatsApp-Image-2026-04-29-at-18.16.43-768x576.jpeg 768w, http:\/\/www.douanes.cm\/douanes-cameroun\/wp-content\/uploads\/2026\/04\/WhatsApp-Image-2026-04-29-at-18.16.43.jpeg 1280w\" sizes=\"(max-width: 1024px) 100vw, 1024px\" \/><\/figure>\n\n\n\n<p>Monsieur le Directeur G\u00e9n\u00e9ral des Douanes, FONGOD Edwin NUVAGA, qui pr\u00e9sidait ces \u00e9v\u00e9nements, a salu\u00e9 une r\u00e9f\u00e9rence pour les jeunes g\u00e9n\u00e9rations. Il lui a remis un cadeau en reconnaissance de sa partition si bien assum\u00e9e en 33 ans. Le rideau est retomb\u00e9 sur la sc\u00e8ne du Centre d&#8217;Instruction Douani\u00e8re. Les participants repartent avec le sentiment d&#8217;avoir v\u00e9cu un moment historique. <\/p>\n\n\n\n<p>Parmi eux : le G\u00e9n\u00e9ral de Brigade Andr\u00e9 Patrice BITOTE, Directeur G\u00e9n\u00e9ral de l&#8217;Ecole Internationale des Forces de S\u00e9curit\u00e9 (EIFORCES). Plusieurs invit\u00e9s sp\u00e9ciaux \u00e9taient \u00e9galement dans les strapontins, ainsi que les douaniers, les partenaires, la famille, les amis et connaissances du Commandant NDO Gervais \u00c9ric. La f\u00eate se poursuit sous les animations de la fanfare. Le passage du militaire au civil se conjugue avec le passage progressif du jour \u00e0 la nuit. Il \u00e9tait 18h00.<\/p>\n","protected":false},"excerpt":{"rendered":"<p>La page de l&#8217;Administration des Douanes est d\u00e9finitivement tourn\u00e9e pour le Commandant NDO Gervais \u00c9ric qui a pass\u00e9 le t\u00e9moin \u00e0 l&#8217;Inspecteur Principal EBA&#8217;A EFANDENE Alain Parfait \u00e0 la t\u00eate de la Division des Enqu\u00eates Douani\u00e8res et de la Surveillance. Il en a profit\u00e9 pour animer une causerie professionnelle \u00e0 l&#8217;amphith\u00e9\u00e2tre et pour faire ses [&hellip;]<\/p>\n","protected":false},"author":17,"featured_media":8338,"comment_status":"open","ping_status":"open","sticky":true,"template":"","format":"standard","meta":[],"categories":[4,2,89,223,5],"tags":[],"_links":{"self":[{"href":"http:\/\/www.douanes.cm\/douanes-cameroun\/wp-json\/wp\/v2\/posts\/8337"}],"collection":[{"href":"http:\/\/www.douanes.cm\/douanes-cameroun\/wp-json\/wp\/v2\/posts"}],"about":[{"href":"http:\/\/www.douanes.cm\/douanes-cameroun\/wp-json\/wp\/v2\/types\/post"}],"author":[{"embeddable":true,"href":"http:\/\/www.douanes.cm\/douanes-cameroun\/wp-json\/wp\/v2\/users\/17"}],"replies":[{"embeddable":true,"href":"http:\/\/www.douanes.cm\/douanes-cameroun\/wp-json\/wp\/v2\/comments?post=8337"}],"version-history":[{"count":1,"href":"http:\/\/www.douanes.cm\/douanes-cameroun\/wp-json\/wp\/v2\/posts\/8337\/revisions"}],"predecessor-version":[{"id":8342,"href":"http:\/\/www.douanes.cm\/douanes-cameroun\/wp-json\/wp\/v2\/posts\/8337\/revisions\/8342"}],"wp:featuredmedia":[{"embeddable":true,"href":"http:\/\/www.douanes.cm\/douanes-cameroun\/wp-json\/wp\/v2\/media\/8338"}],"wp:attachment":[{"href":"http:\/\/www.douanes.cm\/douanes-cameroun\/wp-json\/wp\/v2\/media?parent=8337"}],"wp:term":[{"taxonomy":"category","embeddable":true,"href":"http:\/\/www.douanes.cm\/douanes-cameroun\/wp-json\/wp\/v2\/categories?post=8337"},{"taxonomy":"post_tag","embeddable":true,"href":"http:\/\/www.douanes.cm\/douanes-cameroun\/wp-json\/wp\/v2\/tags?post=8337"}],"curies":[{"name":"wp","href":"https:\/\/api.w.org\/{rel}","templated":true}]}}