{"id":8330,"date":"2026-04-28T18:02:59","date_gmt":"2026-04-28T18:02:59","guid":{"rendered":"https:\/\/www.douanes.cm\/douanes-cameroun\/?p=8330"},"modified":"2026-04-28T18:03:01","modified_gmt":"2026-04-28T18:03:01","slug":"direction-generale-des-douanes-au-service-de-la-nation","status":"publish","type":"post","link":"http:\/\/www.douanes.cm\/douanes-cameroun\/8330\/direction-generale-des-douanes-au-service-de-la-nation\/","title":{"rendered":"Direction G\u00e9n\u00e9rale des Douanes\u00a0: Au service de la Nation"},"content":{"rendered":"\n<figure class=\"wp-block-image size-large\"><img loading=\"lazy\" width=\"768\" height=\"1024\" src=\"https:\/\/www.douanes.cm\/douanes-cameroun\/wp-content\/uploads\/2026\/04\/WhatsApp-Image-2026-04-27-at-09.34.58-768x1024.jpeg\" alt=\"\" class=\"wp-image-8331\" srcset=\"http:\/\/www.douanes.cm\/douanes-cameroun\/wp-content\/uploads\/2026\/04\/WhatsApp-Image-2026-04-27-at-09.34.58-768x1024.jpeg 768w, http:\/\/www.douanes.cm\/douanes-cameroun\/wp-content\/uploads\/2026\/04\/WhatsApp-Image-2026-04-27-at-09.34.58-225x300.jpeg 225w, http:\/\/www.douanes.cm\/douanes-cameroun\/wp-content\/uploads\/2026\/04\/WhatsApp-Image-2026-04-27-at-09.34.58.jpeg 810w\" sizes=\"(max-width: 768px) 100vw, 768px\" \/><\/figure>\n\n\n\n<p>A la suite de la c\u00e9r\u00e9monie de lev\u00e9e des couleurs, ce lundi 27 avril 2026 sur l&#8217;esplanade de la Direction G\u00e9n\u00e9rale des Douanes, Monsieur MBOHOU Simon Pierre, Coordonnateur des D\u00e9l\u00e9gu\u00e9s du Personnel, \u00e0 anim\u00e9 la minute du civisme sous le th\u00e8me engageant de la F\u00eate Internationale du Travail.<\/p>\n\n\n\n<p>Plusieurs activit\u00e9s sont pr\u00e9vues, aussi bien au Minist\u00e8re des Finances qu&#8217;\u00e0 la Direction G\u00e9n\u00e9rale des Douanes, dans le cadre de cette c\u00e9l\u00e9bration avec solennit\u00e9 le vendredi 1er mai prochain.<\/p>\n\n\n\n<p>Dans la foul\u00e9e et au nom de Monsieur le Ministre des Finances, Louis Paul MOTAZE, Monsieur le Directeur G\u00e9n\u00e9ral des Douanes a officiellement attribu\u00e9 15 v\u00e9hicules 4X4 aux responsables en charge de la surveillance douani\u00e8re : services centraux (DGD2 et DGD10) et les services d\u00e9concentr\u00e9s (les commandants de groupement).<\/p>\n\n\n\n<p>Monsieur le Directeur G\u00e9n\u00e9ral des Douanes, FONGOD Edwin NUVAGA, en a profit\u00e9 pour remercier Monsieur le Premier Ministre, Chef du Gouvernement, Doctor Joseph DION NGUTE, pour les autorisations d&#8217;acquisition de ces moyens roulants. Monsieur le Directeur G\u00e9n\u00e9ral des Douanes a insist\u00e9 sur une bonne utilisation de ces mat\u00e9riels. Il a par ailleurs engag\u00e9 les b\u00e9n\u00e9ficiaires \u00e0 lutter efficacement contre la fraude et la contrebande, les trafics illicites et les menaces \u00e0 la s\u00e9curit\u00e9 nationale.<\/p>\n\n\n\n<p>Dans le signal d&#8217;une marche en avant, le patron des Douanes a enclench\u00e9 le d\u00e9marrage et la mise en circulation de l&#8217;un des v\u00e9hicules. La Douane roule.<\/p>\n","protected":false},"excerpt":{"rendered":"<p>A la suite de la c\u00e9r\u00e9monie de lev\u00e9e des couleurs, ce lundi 27 avril 2026 sur l&#8217;esplanade de la Direction G\u00e9n\u00e9rale des Douanes, Monsieur MBOHOU Simon Pierre, Coordonnateur des D\u00e9l\u00e9gu\u00e9s du Personnel, \u00e0 anim\u00e9 la minute du civisme sous le th\u00e8me engageant de la F\u00eate Internationale du Travail. Plusieurs activit\u00e9s sont pr\u00e9vues, aussi bien au [&hellip;]<\/p>\n","protected":false},"author":17,"featured_media":8332,"comment_status":"open","ping_status":"open","sticky":true,"template":"","format":"standard","meta":[],"categories":[4,2,89,229,3,223,5,217],"tags":[],"_links":{"self":[{"href":"http:\/\/www.douanes.cm\/douanes-cameroun\/wp-json\/wp\/v2\/posts\/8330"}],"collection":[{"href":"http:\/\/www.douanes.cm\/douanes-cameroun\/wp-json\/wp\/v2\/posts"}],"about":[{"href":"http:\/\/www.douanes.cm\/douanes-cameroun\/wp-json\/wp\/v2\/types\/post"}],"author":[{"embeddable":true,"href":"http:\/\/www.douanes.cm\/douanes-cameroun\/wp-json\/wp\/v2\/users\/17"}],"replies":[{"embeddable":true,"href":"http:\/\/www.douanes.cm\/douanes-cameroun\/wp-json\/wp\/v2\/comments?post=8330"}],"version-history":[{"count":1,"href":"http:\/\/www.douanes.cm\/douanes-cameroun\/wp-json\/wp\/v2\/posts\/8330\/revisions"}],"predecessor-version":[{"id":8333,"href":"http:\/\/www.douanes.cm\/douanes-cameroun\/wp-json\/wp\/v2\/posts\/8330\/revisions\/8333"}],"wp:featuredmedia":[{"embeddable":true,"href":"http:\/\/www.douanes.cm\/douanes-cameroun\/wp-json\/wp\/v2\/media\/8332"}],"wp:attachment":[{"href":"http:\/\/www.douanes.cm\/douanes-cameroun\/wp-json\/wp\/v2\/media?parent=8330"}],"wp:term":[{"taxonomy":"category","embeddable":true,"href":"http:\/\/www.douanes.cm\/douanes-cameroun\/wp-json\/wp\/v2\/categories?post=8330"},{"taxonomy":"post_tag","embeddable":true,"href":"http:\/\/www.douanes.cm\/douanes-cameroun\/wp-json\/wp\/v2\/tags?post=8330"}],"curies":[{"name":"wp","href":"https:\/\/api.w.org\/{rel}","templated":true}]}}