{"id":8327,"date":"2026-04-28T17:53:37","date_gmt":"2026-04-28T17:53:37","guid":{"rendered":"https:\/\/www.douanes.cm\/douanes-cameroun\/?p=8327"},"modified":"2026-04-28T17:53:39","modified_gmt":"2026-04-28T17:53:39","slug":"secteur-des-douanes-de-lextreme-nord-la-touche-dima-activee","status":"publish","type":"post","link":"http:\/\/www.douanes.cm\/douanes-cameroun\/8327\/secteur-des-douanes-de-lextreme-nord-la-touche-dima-activee\/","title":{"rendered":"Secteur des Douanes de l&#8217;Extr\u00eame-nord\u00a0: La touche DIMA activ\u00e9e"},"content":{"rendered":"\n<figure class=\"wp-block-image size-large\"><img loading=\"lazy\" width=\"1024\" height=\"768\" src=\"https:\/\/www.douanes.cm\/douanes-cameroun\/wp-content\/uploads\/2026\/04\/WhatsApp-Image-2026-04-23-at-18.48.15-1024x768.jpeg\" alt=\"\" class=\"wp-image-8328\" srcset=\"http:\/\/www.douanes.cm\/douanes-cameroun\/wp-content\/uploads\/2026\/04\/WhatsApp-Image-2026-04-23-at-18.48.15-1024x768.jpeg 1024w, http:\/\/www.douanes.cm\/douanes-cameroun\/wp-content\/uploads\/2026\/04\/WhatsApp-Image-2026-04-23-at-18.48.15-300x225.jpeg 300w, http:\/\/www.douanes.cm\/douanes-cameroun\/wp-content\/uploads\/2026\/04\/WhatsApp-Image-2026-04-23-at-18.48.15-768x576.jpeg 768w, http:\/\/www.douanes.cm\/douanes-cameroun\/wp-content\/uploads\/2026\/04\/WhatsApp-Image-2026-04-23-at-18.48.15.jpeg 1080w\" sizes=\"(max-width: 1024px) 100vw, 1024px\" \/><\/figure>\n\n\n\n<p><strong><em>Dans le but d&#8217;\u00e9tablir une vision commune et de redynamiser les \u00e9changes, le Chef du Secteur des Douanes de l&#8217;Extr\u00eame-Nord, le Commandant DIMA Quentin Achille, a r\u00e9uni pour la premi\u00e8re fois, ce jour, 23 avril 2026 \u00e0 Maroua, ses collaborateurs, d&#8217;une part, et les op\u00e9rateurs \u00e9conomiques cl\u00e9s du secteur, d&#8217;autre part.<\/em><\/strong><\/p>\n\n\n\n<p>Install\u00e9 dans ses nouvelles fonctions hier, le Commandant DIMA Quentin Achille a aussit\u00f4t pris le pouls le terrain. Ces rencontres inaugurales constituent le d\u00e9but d&#8217;une nouvelle approche collaborative, ax\u00e9e sur l&#8217;\u00e9coute active et l&#8217;efficacit\u00e9 op\u00e9rationnelle.<\/p>\n\n\n\n<p>Conscient des enjeux actuels, le nouveau Chef du Secteur des Douanes de l&#8217;Extr\u00eame-Nord a souhait\u00e9, d\u00e8s l&#8217;entame, instaurer un climat de confiance. &lt;&lt; Je suis venu avec humilit\u00e9, pour \u00e9couter et comprendre vos besoins r\u00e9els avant d&#8217;agir &gt;&gt;, a-t-il affirm\u00e9 lors de son adresse liminaire, mettant l&#8217;accent sur la n\u00e9cessit\u00e9 d&#8217;une collaboration transparente, aussi bien en interne qu&#8217;avec les partenaires.<\/p>\n\n\n\n<p>La r\u00e9union avec les partenaires a permis de recenser les attentes des op\u00e9rateurs \u00e9conomiques, notamment en mati\u00e8re de facilitation, de partenariat gagnant-gagnant, d&#8217;accompagnement des initiatives de d\u00e9veloppement \u00e9conomique (la R\u00e9gion de l&#8217;Extr\u00eame-Nord est l&#8217;une des trois R\u00e9gions d\u00e9clar\u00e9es economiquement sinistr\u00e9es avec le Sud-Ouest et le Nord-Ouest), de lutte contre la contrebande et de l&#8217;ins\u00e9curit\u00e9.<\/p>\n\n\n\n<p>Pour les collaborateurs, cette rencontre fut l&#8217;occasion de pr\u00e9senter la feuille de route et d&#8217;aligner les \u00e9quipes sur les objectifs \u00e0 court terme.<\/p>\n\n\n\n<p>D&#8217;une mani\u00e8re globale, le but principal de cette premi\u00e8re prise de contact \u00e9tait d&#8217;instaurer un environnement de confiance et de transparence mutuelle.&nbsp; Les \u00e9changes ont justement permis de faire le point sur la situation actuelle, d&#8217;identifier les difficult\u00e9s, de recueillir les propositions de solutions et les attentes des acteurs de terrain.<\/p>\n\n\n\n<p>Vers une m\u00e9thode de travail proactive<\/p>\n\n\n\n<p>Au-del\u00e0 du simple tour de table, la s\u00e9ance a jet\u00e9 les bases de nouvelles m\u00e9thodes de travail : rencontres r\u00e9guli\u00e8res ; des entretiens isol\u00e9s seront programm\u00e9s pour aborder les probl\u00e9matiques sp\u00e9cifiques de chaque op\u00e9rateur ou de chaque unit\u00e9 ; le reporting doit \u00eatre instantan\u00e9 pour trouver des solutions efficaces ; la collaboration doit \u00eatre renforc\u00e9e entre les op\u00e9rationnels et les op\u00e9rateurs \u00e9conomiques ; la r\u00e9activit\u00e9 des op\u00e9rateurs est recommand\u00e9e pour d\u00e9bloquer les situations ; la communication doit demeurer permanente; etc.<\/p>\n\n\n\n<p>L&#8217;accent est mis \u00e9galement sur des r\u00e9sultats concrets, conformes \u00e0 la feuille de route prescrite ant\u00e9rieurement par la hi\u00e9rarchie.<\/p>\n\n\n\n<p>Cette premi\u00e8re prise de contact a \u00e9t\u00e9 per\u00e7ue par l&#8217;ensemble des participants comme un signal fort. En privil\u00e9giant l&#8217;\u00e9coute active, le Commandant DIMA Quenton Achille se donne les moyens de poser un diagnostic fiable pour une \u00e9conomie r\u00e9siliente et une performance accrue face aux chocs s\u00e9curitaires.<\/p>\n\n\n\n<p>La r\u00e9union s&#8217;est cl\u00f4tur\u00e9e par l&#8217;engagement de tous \u00e0 travailler en synergie pour relever les d\u00e9fis \u00e0 venir. Cette rencontre, marqu\u00e9e par un esprit d&#8217;ouverture et de pragmatisme, visait \u00e0 poser les fondations d&#8217;une collaboration fructueuse. Et c&#8217;est fait. La touche DIMA est activ\u00e9e.<\/p>\n","protected":false},"excerpt":{"rendered":"<p>Dans le but d&#8217;\u00e9tablir une vision commune et de redynamiser les \u00e9changes, le Chef du Secteur des Douanes de l&#8217;Extr\u00eame-Nord, le Commandant DIMA Quentin Achille, a r\u00e9uni pour la premi\u00e8re fois, ce jour, 23 avril 2026 \u00e0 Maroua, ses collaborateurs, d&#8217;une part, et les op\u00e9rateurs \u00e9conomiques cl\u00e9s du secteur, d&#8217;autre part. Install\u00e9 dans ses nouvelles [&hellip;]<\/p>\n","protected":false},"author":17,"featured_media":8328,"comment_status":"open","ping_status":"open","sticky":true,"template":"","format":"standard","meta":[],"categories":[4,2,89,229,223,5],"tags":[],"_links":{"self":[{"href":"http:\/\/www.douanes.cm\/douanes-cameroun\/wp-json\/wp\/v2\/posts\/8327"}],"collection":[{"href":"http:\/\/www.douanes.cm\/douanes-cameroun\/wp-json\/wp\/v2\/posts"}],"about":[{"href":"http:\/\/www.douanes.cm\/douanes-cameroun\/wp-json\/wp\/v2\/types\/post"}],"author":[{"embeddable":true,"href":"http:\/\/www.douanes.cm\/douanes-cameroun\/wp-json\/wp\/v2\/users\/17"}],"replies":[{"embeddable":true,"href":"http:\/\/www.douanes.cm\/douanes-cameroun\/wp-json\/wp\/v2\/comments?post=8327"}],"version-history":[{"count":1,"href":"http:\/\/www.douanes.cm\/douanes-cameroun\/wp-json\/wp\/v2\/posts\/8327\/revisions"}],"predecessor-version":[{"id":8329,"href":"http:\/\/www.douanes.cm\/douanes-cameroun\/wp-json\/wp\/v2\/posts\/8327\/revisions\/8329"}],"wp:featuredmedia":[{"embeddable":true,"href":"http:\/\/www.douanes.cm\/douanes-cameroun\/wp-json\/wp\/v2\/media\/8328"}],"wp:attachment":[{"href":"http:\/\/www.douanes.cm\/douanes-cameroun\/wp-json\/wp\/v2\/media?parent=8327"}],"wp:term":[{"taxonomy":"category","embeddable":true,"href":"http:\/\/www.douanes.cm\/douanes-cameroun\/wp-json\/wp\/v2\/categories?post=8327"},{"taxonomy":"post_tag","embeddable":true,"href":"http:\/\/www.douanes.cm\/douanes-cameroun\/wp-json\/wp\/v2\/tags?post=8327"}],"curies":[{"name":"wp","href":"https:\/\/api.w.org\/{rel}","templated":true}]}}