{"id":8313,"date":"2026-04-28T17:03:19","date_gmt":"2026-04-28T17:03:19","guid":{"rendered":"https:\/\/www.douanes.cm\/douanes-cameroun\/?p=8313"},"modified":"2026-04-28T17:03:22","modified_gmt":"2026-04-28T17:03:22","slug":"secteur-des-douanes-de-lextreme-nord-dima-quentin-achille-aux-commandes","status":"publish","type":"post","link":"http:\/\/www.douanes.cm\/douanes-cameroun\/8313\/secteur-des-douanes-de-lextreme-nord-dima-quentin-achille-aux-commandes\/","title":{"rendered":"Secteur des Douanes de L&#8217;Extr\u00eame-Nord\u00a0: DIMA Quentin Achille aux commandes"},"content":{"rendered":"\n<figure class=\"wp-block-image size-large\"><img loading=\"lazy\" width=\"1024\" height=\"858\" src=\"https:\/\/www.douanes.cm\/douanes-cameroun\/wp-content\/uploads\/2026\/04\/WhatsApp-Image-2026-04-22-at-18.52.32-1024x858.jpeg\" alt=\"\" class=\"wp-image-8314\" srcset=\"http:\/\/www.douanes.cm\/douanes-cameroun\/wp-content\/uploads\/2026\/04\/WhatsApp-Image-2026-04-22-at-18.52.32-1024x858.jpeg 1024w, http:\/\/www.douanes.cm\/douanes-cameroun\/wp-content\/uploads\/2026\/04\/WhatsApp-Image-2026-04-22-at-18.52.32-300x251.jpeg 300w, http:\/\/www.douanes.cm\/douanes-cameroun\/wp-content\/uploads\/2026\/04\/WhatsApp-Image-2026-04-22-at-18.52.32-768x643.jpeg 768w, http:\/\/www.douanes.cm\/douanes-cameroun\/wp-content\/uploads\/2026\/04\/WhatsApp-Image-2026-04-22-at-18.52.32.jpeg 1280w\" sizes=\"(max-width: 1024px) 100vw, 1024px\" \/><\/figure>\n\n\n\n<p><strong><em>Il a \u00e9t\u00e9 officiellement install\u00e9 dans ses nouvelles fonctions cet apr\u00e8s-midi \u00e0 Maroua, au cours d&#8217;une c\u00e9r\u00e9monie pr\u00e9sid\u00e9e par Monsieur le Secr\u00e9taire G\u00e9n\u00e9ral des Services du Gouverneur de la R\u00e9gion de l&#8217;Extr\u00eame Nord, en pr\u00e9sence de Monsieur BELLO s\u00e9raphin, Chef de l\u2019Inspection des Services des Douanes et repr\u00e9sentant de Monsieur le Directeur G\u00e9n\u00e9ral des Douanes.<\/em><\/strong><\/p>\n\n\n\n<p>La salle de r\u00e9unions du Secteur des Douanes de l&#8217;Extr\u00eame-Nord a abrit\u00e9 cette c\u00e9r\u00e9monie officielle de passation de service entre le Chef de Secteur sortant, l&#8217;Inspecteur Principal EBA&#8217;A EFANDENE Alain Parfait, et son successeur, le Commandant DIMA Quentin Achille. Cet \u00e9v\u00e9nement marquant a r\u00e9uni l&#8217;ensemble du Personnel, des partenaires et plusieurs invit\u00e9s de marque.<\/p>\n\n\n\n<p>Apr\u00e8s cinq ann\u00e9es pass\u00e9es \u00e0 la t\u00eate du Secteur des Douanes de l&#8217;Extr\u00eame-Nord, l&#8217;Inspecteur Principal EBA&#8217;A EFANDENE Alain Parfait quitte ses fonctions. Dans sa prise de parole, marqu\u00e9 par l&#8217;\u00e9motion, il a tenu \u00e0 remercier sa hi\u00e9rarchie pour la confiance plac\u00e9e en lui, ainsi que l&#8217;ensemble de ses collaborateurs pour leur d\u00e9vouement. &lt;&lt; C&#8217;est avec un sentiment du devoir accompli que je pars. Aucun succ\u00e8s n&#8217;aurait \u00e9t\u00e9 possible sans l&#8217;engagement de chaque membre de cette \u00e9quipe. Je pars fier du chemin parcouru ensemble &gt;&gt;, a d\u00e9clar\u00e9 EBA&#8217;A EFANDENE Alain Parfait, sous les applaudissements nourris de l&#8217;assistance. Il a \u00e9galement salu\u00e9 les r\u00e9formes entreprises et invit\u00e9 le Personnel \u00e0 soutenir son successeur. EBA&#8217;A EFANDENE Alain Parfait portera d\u00e9sormais la casquette de Chef de la Division des Enqu\u00eates Douani\u00e8res et de la Surveillance.<\/p>\n\n\n\n<p>Prenant la parole \u00e0 son tour, le Commandant DIMA Quentin Achille, le nouveau promu, a exprim\u00e9 sa gratitude pour cette nomination et la confiance t\u00e9moign\u00e9e par Monsieur le Ministre des Finances et les autorit\u00e9s. Il a chaleureusement f\u00e9licit\u00e9 son pr\u00e9d\u00e9cesseur pour la qualit\u00e9 du travail accompli et la gestion rigoureuse dont il a fait preuve. &lt;&lt; Je mesure l&#8217;ampleur de la t\u00e2che qui m&#8217;attend. Je m&#8217;inscris dans la continuit\u00e9 des actions de Monsieur EBA&#8217;A EFANDENE Alain Parfait, tout en apportant une nouvelle dynamique pour r\u00e9pondre aux d\u00e9fis du Secteur des Douanes de l&#8217;Extr\u00eame-Nord &gt;&gt;, a-t-il affirm\u00e9 avec d\u00e9termination.<\/p>\n\n\n\n<p>La c\u00e9r\u00e9monie a atteint son apog\u00e9e avec la signature du proc\u00e8s-verbal de passation et la remise symbolique du t\u00e9moin (dossiers, cl\u00e9s, sceau, etc.) entre l&#8217;ancien et le nouveau chef, scellant ainsi ce changement dans la continuit\u00e9.<\/p>\n\n\n\n<p>Les accolades \u00e9taient en parfaite symphonie avec les applaudissements et les cris stridents des griots. L&#8217;Inspecteur Principal EBA&#8217;A EFANDENE Alain Parfait&nbsp; passe les r\u00eanes du Secteur des Douanes de l&#8217;Extr\u00eame-Nord au Commandant DIMA Quentin Achille.<\/p>\n\n\n\n<p>Au nom de Monsieur le Directeur G\u00e9n\u00e9ral des Douanes qu&#8217;il repr\u00e9sentait \u00e0 cette occasion, Monsieur BELLO S\u00e9raphin a remerci\u00e9 le Chef de Secteur sortant pour les bons et loyaux services rendus durant ses cinq ann\u00e9es de magist\u00e8re. Au Chef de Secteur promu, le Chef de mission a prescrit, l&#8217;am\u00e9lioration de la collecte des recettes douani\u00e8res, le renforcement du dispositif de surveillance et de s\u00e9curit\u00e9, ainsi que la promotion de la gouvernance.<\/p>\n\n\n\n<p>Il convient de relever que les recettes douani\u00e8res du Secteur des Douanes de l&#8217;Extr\u00eame-Nord sont pass\u00e9es de 4.737.000.000 FCFA en 2021 \u00e0 5.102.000.000 FCFA en 2025. Pour le premier trimestre 2026, ces recettes se situent \u00e0 1.359.000.00p FCFA. Un nouveau palier de performance devra ainsi \u00eatre franchi.<\/p>\n\n\n\n<p>En mati\u00e8re de contentieux douanier, le Secteur des Douanes de l&#8217;Extr\u00eame-Nord cumulait 364 affaires pour des droits compromis ou \u00e9lud\u00e9s de 94.006.855 FCFA et des amendes de 49.021.550 FCFA en 2021 contre 548 affaires pour des droits compromis ou \u00e9lud\u00e9s 137.351.907 FCFA et des amendes de 66.680.000 FCFA en 2025. Un cap haussier \u00e9galement dans les ambitions.<\/p>\n\n\n\n<p>Une nouvelle \u00e8re est ouverte. Le temps est \u00e0 l&#8217;action apr\u00e8s les \u00e9motions. Monsieur le Secr\u00e9taire G\u00e9n\u00e9ral des Services du Gouverneur de la R\u00e9gion de l&#8217;Extr\u00eame-Nord, repr\u00e9sentant Monsieur le Gouverneur emp\u00each\u00e9, a r\u00e9it\u00e9r\u00e9 toute la disponibilit\u00e9 et l&#8217;accompagnement des autorit\u00e9s publiques et des populations locales pour une administration douani\u00e8re d\u00e9termin\u00e9e \u00e0 \u0153uvrer r\u00e9solument pour la paix, la s\u00e9curit\u00e9, le d\u00e9veloppement et la prosp\u00e9rit\u00e9. L&#8217;histoire est \u00e9crite au pr\u00e9sent.<\/p>\n","protected":false},"excerpt":{"rendered":"<p>Il a \u00e9t\u00e9 officiellement install\u00e9 dans ses nouvelles fonctions cet apr\u00e8s-midi \u00e0 Maroua, au cours d&#8217;une c\u00e9r\u00e9monie pr\u00e9sid\u00e9e par Monsieur le Secr\u00e9taire G\u00e9n\u00e9ral des Services du Gouverneur de la R\u00e9gion de l&#8217;Extr\u00eame Nord, en pr\u00e9sence de Monsieur BELLO s\u00e9raphin, Chef de l\u2019Inspection des Services des Douanes et repr\u00e9sentant de Monsieur le Directeur G\u00e9n\u00e9ral des Douanes. [&hellip;]<\/p>\n","protected":false},"author":17,"featured_media":8314,"comment_status":"open","ping_status":"open","sticky":true,"template":"","format":"standard","meta":[],"categories":[4,89,229,223,5],"tags":[],"_links":{"self":[{"href":"http:\/\/www.douanes.cm\/douanes-cameroun\/wp-json\/wp\/v2\/posts\/8313"}],"collection":[{"href":"http:\/\/www.douanes.cm\/douanes-cameroun\/wp-json\/wp\/v2\/posts"}],"about":[{"href":"http:\/\/www.douanes.cm\/douanes-cameroun\/wp-json\/wp\/v2\/types\/post"}],"author":[{"embeddable":true,"href":"http:\/\/www.douanes.cm\/douanes-cameroun\/wp-json\/wp\/v2\/users\/17"}],"replies":[{"embeddable":true,"href":"http:\/\/www.douanes.cm\/douanes-cameroun\/wp-json\/wp\/v2\/comments?post=8313"}],"version-history":[{"count":1,"href":"http:\/\/www.douanes.cm\/douanes-cameroun\/wp-json\/wp\/v2\/posts\/8313\/revisions"}],"predecessor-version":[{"id":8315,"href":"http:\/\/www.douanes.cm\/douanes-cameroun\/wp-json\/wp\/v2\/posts\/8313\/revisions\/8315"}],"wp:featuredmedia":[{"embeddable":true,"href":"http:\/\/www.douanes.cm\/douanes-cameroun\/wp-json\/wp\/v2\/media\/8314"}],"wp:attachment":[{"href":"http:\/\/www.douanes.cm\/douanes-cameroun\/wp-json\/wp\/v2\/media?parent=8313"}],"wp:term":[{"taxonomy":"category","embeddable":true,"href":"http:\/\/www.douanes.cm\/douanes-cameroun\/wp-json\/wp\/v2\/categories?post=8313"},{"taxonomy":"post_tag","embeddable":true,"href":"http:\/\/www.douanes.cm\/douanes-cameroun\/wp-json\/wp\/v2\/tags?post=8313"}],"curies":[{"name":"wp","href":"https:\/\/api.w.org\/{rel}","templated":true}]}}