{"id":8260,"date":"2026-03-13T08:25:40","date_gmt":"2026-03-13T08:25:40","guid":{"rendered":"http:\/\/www.douanes.cm\/douanes-cameroun\/?p=8260"},"modified":"2026-03-13T08:25:41","modified_gmt":"2026-03-13T08:25:41","slug":"partenariat-les-liens-soudes-entre-la-direction-generale-des-douanes-et-la-beac","status":"publish","type":"post","link":"http:\/\/www.douanes.cm\/douanes-cameroun\/8260\/partenariat-les-liens-soudes-entre-la-direction-generale-des-douanes-et-la-beac\/","title":{"rendered":"Partenariat\u00a0: les liens soud\u00e9s entre la Direction G\u00e9n\u00e9rale des Douanes et la BEAC"},"content":{"rendered":"\n<figure class=\"wp-block-image size-large\"><img loading=\"lazy\" width=\"1024\" height=\"768\" src=\"http:\/\/www.douanes.cm\/douanes-cameroun\/wp-content\/uploads\/2026\/03\/WhatsApp-Image-2026-03-12-at-14.17.13-1024x768.jpeg\" alt=\"\" class=\"wp-image-8261\" srcset=\"http:\/\/www.douanes.cm\/douanes-cameroun\/wp-content\/uploads\/2026\/03\/WhatsApp-Image-2026-03-12-at-14.17.13-1024x768.jpeg 1024w, http:\/\/www.douanes.cm\/douanes-cameroun\/wp-content\/uploads\/2026\/03\/WhatsApp-Image-2026-03-12-at-14.17.13-300x225.jpeg 300w, http:\/\/www.douanes.cm\/douanes-cameroun\/wp-content\/uploads\/2026\/03\/WhatsApp-Image-2026-03-12-at-14.17.13-768x576.jpeg 768w, http:\/\/www.douanes.cm\/douanes-cameroun\/wp-content\/uploads\/2026\/03\/WhatsApp-Image-2026-03-12-at-14.17.13.jpeg 1280w\" sizes=\"(max-width: 1024px) 100vw, 1024px\" \/><\/figure>\n\n\n\n<p>Au nom de Monsieur le Directeur G\u00e9n\u00e9ral des Douanes emp\u00each\u00e9, le Commandant FOSSI Marylise, Chef de la Division du contr\u00f4le des op\u00e9rations financi\u00e8res du commerce ext\u00e9rieur et des changes, a pr\u00e9sid\u00e9 les travaux de la 5\u00e8me session du comit\u00e9 paritaire de suivi de la mise en \u0153uvre du protocole d&#8217;accord de collaboration entre la Direction G\u00e9n\u00e9rale des Douanes et la BEAC, ce jour, dans la salle de conf\u00e9rences de la Direction G\u00e9n\u00e9rale des Douanes.<\/p>\n\n\n\n<p>A la fin des travaux, Madame NGOMOU Julia, Chef du Service \u00c9tude des transferts et suivi de la r\u00e9glementation des changes \u00e0 la Direction Nationale de la BEAC pour le Cameroun, s&#8217;est confi\u00e9e au micro du Brigadier Landry BIKANDA.<\/p>\n\n\n\n<p><em>\u00ab\u00a0La r\u00e9union de ce jour \u00e9tait int\u00e9ressante dans ce sens qu\u2019elle nous permet de contribuer \u00e0 la mise en \u0153uvre d\u2019un protocole d\u2019accord d\u2019\u00e9changes de donn\u00e9es entre la Direction G\u00e9n\u00e9rale des Douanes et la BEAC\u00a0\u00bb<\/em>, a-t-elle d\u00e9clar\u00e9.<\/p>\n\n\n\n<p><em>\u00ab\u00a0C\u2019est un protocole d\u2019accord qui tient \u00e0 c\u0153ur \u00e0 notre directeur national. C\u2019est pourquoi en d\u00e9pit des difficult\u00e9s que nous pouvons avoir dans la mise en \u0153uvre, il insiste toujours pour que nous soyons pr\u00e9sents\u00a0\u00bb<\/em>, a-t-elle ajout\u00e9.<\/p>\n\n\n\n<p><em>\u00ab\u00a0Nous remercions la Direction G\u00e9n\u00e9rale des Douanes pour leur enthousiasme et leur disponibilit\u00e9 dans ce processus. Nous voyons le d\u00e9but des r\u00e9alisations et nous esp\u00e9rons que les quelques blocages rencontr\u00e9s ces derniers mois seront lev\u00e9s et que nous pourrons parachever ce protocole et mettre sur pied les applications et dispositifs n\u00e9cessaires pour que cet \u00e9change se fasse de la mani\u00e8re la plus ais\u00e9e\u00a0\u00bb<\/em>, a-t-elle conclu.<\/p>\n","protected":false},"excerpt":{"rendered":"<p>Au nom de Monsieur le Directeur G\u00e9n\u00e9ral des Douanes emp\u00each\u00e9, le Commandant FOSSI Marylise, Chef de la Division du contr\u00f4le des op\u00e9rations financi\u00e8res du commerce ext\u00e9rieur et des changes, a pr\u00e9sid\u00e9 les travaux de la 5\u00e8me session du comit\u00e9 paritaire de suivi de la mise en \u0153uvre du protocole d&#8217;accord de collaboration entre la Direction [&hellip;]<\/p>\n","protected":false},"author":17,"featured_media":8261,"comment_status":"open","ping_status":"open","sticky":true,"template":"","format":"standard","meta":[],"categories":[4,2,89,229,3,5],"tags":[],"_links":{"self":[{"href":"http:\/\/www.douanes.cm\/douanes-cameroun\/wp-json\/wp\/v2\/posts\/8260"}],"collection":[{"href":"http:\/\/www.douanes.cm\/douanes-cameroun\/wp-json\/wp\/v2\/posts"}],"about":[{"href":"http:\/\/www.douanes.cm\/douanes-cameroun\/wp-json\/wp\/v2\/types\/post"}],"author":[{"embeddable":true,"href":"http:\/\/www.douanes.cm\/douanes-cameroun\/wp-json\/wp\/v2\/users\/17"}],"replies":[{"embeddable":true,"href":"http:\/\/www.douanes.cm\/douanes-cameroun\/wp-json\/wp\/v2\/comments?post=8260"}],"version-history":[{"count":1,"href":"http:\/\/www.douanes.cm\/douanes-cameroun\/wp-json\/wp\/v2\/posts\/8260\/revisions"}],"predecessor-version":[{"id":8262,"href":"http:\/\/www.douanes.cm\/douanes-cameroun\/wp-json\/wp\/v2\/posts\/8260\/revisions\/8262"}],"wp:featuredmedia":[{"embeddable":true,"href":"http:\/\/www.douanes.cm\/douanes-cameroun\/wp-json\/wp\/v2\/media\/8261"}],"wp:attachment":[{"href":"http:\/\/www.douanes.cm\/douanes-cameroun\/wp-json\/wp\/v2\/media?parent=8260"}],"wp:term":[{"taxonomy":"category","embeddable":true,"href":"http:\/\/www.douanes.cm\/douanes-cameroun\/wp-json\/wp\/v2\/categories?post=8260"},{"taxonomy":"post_tag","embeddable":true,"href":"http:\/\/www.douanes.cm\/douanes-cameroun\/wp-json\/wp\/v2\/tags?post=8260"}],"curies":[{"name":"wp","href":"https:\/\/api.w.org\/{rel}","templated":true}]}}