{"id":8139,"date":"2026-01-06T11:05:37","date_gmt":"2026-01-06T11:05:37","guid":{"rendered":"http:\/\/www.douanes.cm\/douanes-cameroun\/?p=8139"},"modified":"2026-01-06T11:18:05","modified_gmt":"2026-01-06T11:18:05","slug":"comite-de-direction-dans-le-temps-de-la-nouvelle-annee","status":"publish","type":"post","link":"http:\/\/www.douanes.cm\/douanes-cameroun\/8139\/comite-de-direction-dans-le-temps-de-la-nouvelle-annee\/","title":{"rendered":"Comit\u00e9 de Direction\u00a0: Dans le temps de la nouvelle ann\u00e9e"},"content":{"rendered":"\n<figure class=\"wp-block-image size-full\"><img loading=\"lazy\" width=\"1000\" height=\"750\" src=\"http:\/\/www.douanes.cm\/douanes-cameroun\/wp-content\/uploads\/2026\/01\/Comite-de-Direction-du-06-janvier-2026.jpeg\" alt=\"\" class=\"wp-image-8140\" srcset=\"http:\/\/www.douanes.cm\/douanes-cameroun\/wp-content\/uploads\/2026\/01\/Comite-de-Direction-du-06-janvier-2026.jpeg 1000w, http:\/\/www.douanes.cm\/douanes-cameroun\/wp-content\/uploads\/2026\/01\/Comite-de-Direction-du-06-janvier-2026-300x225.jpeg 300w, http:\/\/www.douanes.cm\/douanes-cameroun\/wp-content\/uploads\/2026\/01\/Comite-de-Direction-du-06-janvier-2026-768x576.jpeg 768w\" sizes=\"(max-width: 1000px) 100vw, 1000px\" \/><\/figure>\n\n\n\n<p>Au nom de Monsieur le Directeur G\u00e9n\u00e9ral des Douanes emp\u00each\u00e9, Monsieur TCHAMI Yves Patrick, Chef de la Division de la L\u00e9gislation et du Contentieux (DGD3), a pr\u00e9sid\u00e9 la premi\u00e8re r\u00e9union hebdomadaire du comit\u00e9 de direction de la Direction G\u00e9n\u00e9rale des Douanes du nouvel exercice budg\u00e9taire, ce lundi 05 janvier 2026 en mode hybride (en pr\u00e9sentiel dans la salle de conf\u00e9rences de la Direction G\u00e9n\u00e9rale des Douanes et par visioconf\u00e9rence).<\/p>\n\n\n\n<p>La tradition a \u00e9t\u00e9 respect\u00e9e.\u00a0 Les responsables des services centraux et d\u00e9concentr\u00e9s de la Direction G\u00e9n\u00e9rale des Douanes se sont \u00e9chang\u00e9s les meilleurs v\u0153ux pour la nouvelle ann\u00e9e. Au cours de cette premi\u00e8re r\u00e9union hebdomadaire du comit\u00e9 de direction, chacun est all\u00e9 de sa rh\u00e9torique pour souhaiter ses v\u0153ux \u00e0 la hi\u00e9rarchie, aux coll\u00e8gues et collaborateurs. De mani\u00e8re concordante, l&#8217;on souligne des v\u0153ux de sant\u00e9, de bonheur, d&#8217;engagement et d&#8217;efficacit\u00e9 professionnelle pour les gabelles et les gabelous en 2026.<\/p>\n\n\n\n<figure class=\"wp-block-image size-full\"><img loading=\"lazy\" width=\"1000\" height=\"750\" src=\"http:\/\/www.douanes.cm\/douanes-cameroun\/wp-content\/uploads\/2026\/01\/Comite-de-Direction-du-06-janvier.jpeg\" alt=\"\" class=\"wp-image-8142\" srcset=\"http:\/\/www.douanes.cm\/douanes-cameroun\/wp-content\/uploads\/2026\/01\/Comite-de-Direction-du-06-janvier.jpeg 1000w, http:\/\/www.douanes.cm\/douanes-cameroun\/wp-content\/uploads\/2026\/01\/Comite-de-Direction-du-06-janvier-300x225.jpeg 300w, http:\/\/www.douanes.cm\/douanes-cameroun\/wp-content\/uploads\/2026\/01\/Comite-de-Direction-du-06-janvier-768x576.jpeg 768w\" sizes=\"(max-width: 1000px) 100vw, 1000px\" \/><\/figure>\n\n\n\n<p>L&#8217;occasion aidant, les participants ont pass\u00e9 en revue quelques faits marquants de l&#8217;ann\u00e9e \u00e9coul\u00e9e. La satisfaction est partag\u00e9e quant aux strat\u00e9gies \u00e9labor\u00e9es, aux actions mises en \u0153uvre et aux r\u00e9sultats enregistr\u00e9s en 2025. Les recettes ont \u00e9t\u00e9 mobilis\u00e9es pour alimenter le budget de l&#8217;\u00c9tat, la s\u00e9curit\u00e9 a \u00e9t\u00e9 assur\u00e9e aux fronti\u00e8res et \u00e0 l&#8217;int\u00e9rieur du territoire national, la soci\u00e9t\u00e9 a \u00e9t\u00e9 prot\u00e9g\u00e9e contre les trafics illicites, la fraude, la contrefa\u00e7on et la contrebande ont \u00e9t\u00e9 fortement combattues, les entreprises cotoyennes ont \u00e9t\u00e9 accompagn\u00e9es, l&#8217;\u00e9conomie se d\u00e9veloppe harmonieusement. En cons\u00e9quence, les douaniers se congratulent par des applaudissements nourris.<\/p>\n\n\n\n<p>Pour l&#8217;exercice budg\u00e9taire 2026, il est notamment attendu des recettes douani\u00e8res de 1.243, 2 milliards de FCFA. Des strat\u00e9gies sont d\u00e9ploy\u00e9es depuis le 1er janvier 2026 pour capter le maximum de recettes spontan\u00e9es, en continuit\u00e9 pragmatique de ce qui a r\u00e9ussi pr\u00e9c\u00e9demment. Les acquis sont consolid\u00e9s.<\/p>\n\n\n\n<figure class=\"wp-block-image size-full\"><img loading=\"lazy\" width=\"1000\" height=\"750\" src=\"http:\/\/www.douanes.cm\/douanes-cameroun\/wp-content\/uploads\/2026\/01\/Comite-de-Direction-DGD-du-06-janvier-2026.jpeg\" alt=\"\" class=\"wp-image-8144\" srcset=\"http:\/\/www.douanes.cm\/douanes-cameroun\/wp-content\/uploads\/2026\/01\/Comite-de-Direction-DGD-du-06-janvier-2026.jpeg 1000w, http:\/\/www.douanes.cm\/douanes-cameroun\/wp-content\/uploads\/2026\/01\/Comite-de-Direction-DGD-du-06-janvier-2026-300x225.jpeg 300w, http:\/\/www.douanes.cm\/douanes-cameroun\/wp-content\/uploads\/2026\/01\/Comite-de-Direction-DGD-du-06-janvier-2026-768x576.jpeg 768w\" sizes=\"(max-width: 1000px) 100vw, 1000px\" \/><\/figure>\n\n\n\n<p>Le suivi de certaines op\u00e9rations commerciales est aussi en ligne de mire en 2026. C&#8217;est le cas du suivi des exportations des minerais et des f\u00e8ves de cacao. Il est question de mieux affiner les statistiques sur ces marchandises, de lutter plus efficacement contre les fraudes et la contrebande, de m\u00eame que d&#8217;accro\u00eetre la mobilisation des droits et taxes de douane.<\/p>\n\n\n\n<p>La c\u00e9l\u00e9bration de la Journ\u00e9e Internationale de la Douane (JID) et de la 15\u00e8me Edition de la Soir\u00e9e des Partenaires de l&#8217;Administration des Douanes (SDP) figure \u00e9galement au tableau de l&#8217;actualit\u00e9 de ce d\u00e9but d&#8217;ann\u00e9e. Monsieur&nbsp; KWEDI Samuel, Chef de la Division de la Coop\u00e9ration Internationale et des Bases de Taxation (DGD9) et par ailleurs Pr\u00e9sident du comit\u00e9 d&#8217;organisation de ces deux \u00e9v\u00e9nements, a port\u00e9 l&#8217;information ponctuelle au comit\u00e9 de direction. Le lancement de la JID aura lieu le lundi 19 janvier 2026 \u00e0 Bafoussam. La 15\u00e8me Edition de la SDP se d\u00e9roulera \u00e0 Douala le vendredi 23 janvier 2026. Les s\u00e9ances de travail se poursuivent au sein du comit\u00e9 d&#8217;organisation et des commissions sp\u00e9cialis\u00e9es mises en place par Monsieur le Directeur G\u00e9n\u00e9ral des Douanes.<\/p>\n\n\n\n<p>Sous la supervision du Commandant Louis PAGOU, Directeur des Ressources et de la Logistique (DGD5), Monsieur le Chef du Service du Mat\u00e9riel, Engelbert ELOCK, a pr\u00e9sent\u00e9 un expos\u00e9 se rapportant \u00e0 l&#8217;enveloppe budg\u00e9taire de la Direction G\u00e9n\u00e9rale des Douanes pour l&#8217;exercice 2026. Quatre objectifs \u00e9taient cibl\u00e9s par cette pr\u00e9sentation :<\/p>\n\n\n\n<p>\ud83d\udc49 Pr\u00e9senter l&#8217;enveloppe budg\u00e9taire de la Direction G\u00e9n\u00e9rale des Douanes dans tous ses aspects : son \u00e9volution, les diff\u00e9rentes natures \u00e9conomiques qui la composent, sa r\u00e9partition entre ses diff\u00e9rentes structures centrales et d\u00e9concentr\u00e9es ;<\/p>\n\n\n\n<p>\ud83d\udc49 Ressortir les principales innovations contenues dans le budget 2026 de la Direction G\u00e9n\u00e9rale des Douanes ;<\/p>\n\n\n\n<p>\ud83d\udc49 Communiquer aux principaux responsables de la Direction G\u00e9n\u00e9rale des Douanes, aux ordonnateurs et gestionnaires des cr\u00e9dits, l&#8217;enveloppe budg\u00e9taire allou\u00e9e, sa ventilation, sa r\u00e9partition, ainsi que les responsabilit\u00e9s et obligations qui sont d\u00e9sormais les leurs ;<\/p>\n\n\n\n<p>\ud83d\udc49 Sensibiliser tous les responsables et managers de la Direction G\u00e9n\u00e9rale des Douanes, pour leur implication et le suivi rigoureux du processus budg\u00e9taire, la priorisation de l&#8217;am\u00e9lioration des conditions de travail de leurs Personnels au m\u00eame titre que l&#8217;activit\u00e9 douani\u00e8re.<\/p>\n\n\n\n<p>La symbiose est marqu\u00e9e en ce d\u00e9but d&#8217;ann\u00e9e \u00e0 la Direction G\u00e9n\u00e9rale des Douanes. La semaine est ouverte. C&#8217;est le temps de la nouvelle ann\u00e9e.<\/p>\n","protected":false},"excerpt":{"rendered":"<p>Au nom de Monsieur le Directeur G\u00e9n\u00e9ral des Douanes emp\u00each\u00e9, Monsieur TCHAMI Yves Patrick, Chef de la Division de la L\u00e9gislation et du Contentieux (DGD3), a pr\u00e9sid\u00e9 la premi\u00e8re r\u00e9union hebdomadaire du comit\u00e9 de direction de la Direction G\u00e9n\u00e9rale des Douanes du nouvel exercice budg\u00e9taire, ce lundi 05 janvier 2026 en mode hybride (en pr\u00e9sentiel [&hellip;]<\/p>\n","protected":false},"author":17,"featured_media":8140,"comment_status":"open","ping_status":"open","sticky":true,"template":"","format":"standard","meta":[],"categories":[4,3,223,5],"tags":[],"_links":{"self":[{"href":"http:\/\/www.douanes.cm\/douanes-cameroun\/wp-json\/wp\/v2\/posts\/8139"}],"collection":[{"href":"http:\/\/www.douanes.cm\/douanes-cameroun\/wp-json\/wp\/v2\/posts"}],"about":[{"href":"http:\/\/www.douanes.cm\/douanes-cameroun\/wp-json\/wp\/v2\/types\/post"}],"author":[{"embeddable":true,"href":"http:\/\/www.douanes.cm\/douanes-cameroun\/wp-json\/wp\/v2\/users\/17"}],"replies":[{"embeddable":true,"href":"http:\/\/www.douanes.cm\/douanes-cameroun\/wp-json\/wp\/v2\/comments?post=8139"}],"version-history":[{"count":2,"href":"http:\/\/www.douanes.cm\/douanes-cameroun\/wp-json\/wp\/v2\/posts\/8139\/revisions"}],"predecessor-version":[{"id":8145,"href":"http:\/\/www.douanes.cm\/douanes-cameroun\/wp-json\/wp\/v2\/posts\/8139\/revisions\/8145"}],"wp:featuredmedia":[{"embeddable":true,"href":"http:\/\/www.douanes.cm\/douanes-cameroun\/wp-json\/wp\/v2\/media\/8140"}],"wp:attachment":[{"href":"http:\/\/www.douanes.cm\/douanes-cameroun\/wp-json\/wp\/v2\/media?parent=8139"}],"wp:term":[{"taxonomy":"category","embeddable":true,"href":"http:\/\/www.douanes.cm\/douanes-cameroun\/wp-json\/wp\/v2\/categories?post=8139"},{"taxonomy":"post_tag","embeddable":true,"href":"http:\/\/www.douanes.cm\/douanes-cameroun\/wp-json\/wp\/v2\/tags?post=8139"}],"curies":[{"name":"wp","href":"https:\/\/api.w.org\/{rel}","templated":true}]}}