{"id":8112,"date":"2025-12-10T10:04:25","date_gmt":"2025-12-10T10:04:25","guid":{"rendered":"https:\/\/www.douanes.cm\/douanes-cameroun\/?p=8112"},"modified":"2025-12-10T13:42:33","modified_gmt":"2025-12-10T13:42:33","slug":"la-douane-camerounaise-soffre-un-nouveau-siege-pour-moderniser-son-administration-et-renforcer-sa-performance","status":"publish","type":"post","link":"http:\/\/www.douanes.cm\/douanes-cameroun\/8112\/la-douane-camerounaise-soffre-un-nouveau-siege-pour-moderniser-son-administration-et-renforcer-sa-performance\/","title":{"rendered":"La Douane camerounaise s\u2019offre un nouveau si\u00e8ge pour moderniser son administration et renforcer sa performance"},"content":{"rendered":"\n<figure class=\"wp-block-image size-large\"><img loading=\"lazy\" width=\"1024\" height=\"683\" src=\"https:\/\/www.douanes.cm\/douanes-cameroun\/wp-content\/uploads\/2025\/12\/WhatsApp-Image-2025-12-09-at-23.14.10-1-1024x683.jpeg\" alt=\"\" class=\"wp-image-8114\" srcset=\"http:\/\/www.douanes.cm\/douanes-cameroun\/wp-content\/uploads\/2025\/12\/WhatsApp-Image-2025-12-09-at-23.14.10-1-1024x683.jpeg 1024w, http:\/\/www.douanes.cm\/douanes-cameroun\/wp-content\/uploads\/2025\/12\/WhatsApp-Image-2025-12-09-at-23.14.10-1-300x200.jpeg 300w, http:\/\/www.douanes.cm\/douanes-cameroun\/wp-content\/uploads\/2025\/12\/WhatsApp-Image-2025-12-09-at-23.14.10-1-768x512.jpeg 768w, http:\/\/www.douanes.cm\/douanes-cameroun\/wp-content\/uploads\/2025\/12\/WhatsApp-Image-2025-12-09-at-23.14.10-1.jpeg 1080w\" sizes=\"(max-width: 1024px) 100vw, 1024px\" \/><\/figure>\n\n\n\n<p>Monsieur le Ministre des Finances, Louis Paul MOTAZE, a proc\u00e9d\u00e9 \u00e0 la pose de la premi\u00e8re pierre du futur immeuble-si\u00e8ge de la Direction G\u00e9n\u00e9rale des Douanes. C\u2019\u00e9tait au cours d\u2019une c\u00e9r\u00e9monie grandiose, \u00e0 la quelle ont pris part plusieurs ministres. Dont le Ministre du Travail et de la S\u00e9curit\u00e9 sociale, Gr\u00e9goire OWONA, le Ministre des Travaux Publics, Emmanuel NGANOU DJOUMESSI, le Ministre de la D\u00e9fense, Joseph BETI ASSOMO, le Ministre des March\u00e9s Publics, Ibrahim Talba Malla, a Ministre d\u00e9l\u00e9gu\u00e9e \u00e0 la Pr\u00e9sidence de la R\u00e9publique en charge du Contr\u00f4le sup\u00e9rieur de l&#8217;Etat, madame MBA ACHA Rose FOMUNDAM, le Gouverneur de la R\u00e9gion du Centre, et plusieurs autres personnalit\u00e9s de marque.et plusieurs autres personnalit\u00e9s de marque.<\/p>\n\n\n\n<p>Con\u00e7u comme un complexe administratif ultramoderne, le futur immeuble-si\u00e8ge de la Direction G\u00e9n\u00e9rale des Douanes ambitionne d\u2019offrir un cadre de travail performant aux agents tout en am\u00e9liorant la qualit\u00e9 du service rendu aux usagers. L\u2019infrastructure sera construite dans le nouveau quartier administratif de Yaound\u00e9, dans les environs du Palais pr\u00e9sidentiel, derri\u00e8re le nouvel immeuble-si\u00e8ge du Minist\u00e8re des Travaux Publics.<\/p>\n\n\n\n<p><strong>L\u2019infrastructure<\/strong><\/p>\n\n\n\n<p>L\u2019ouvrage, qui prendra la forme d\u2019un immeuble de 2 sous-sols + R+11 + mezzanine, compl\u00e9t\u00e9 par deux ailes lat\u00e9rales et un ensemble d\u2019am\u00e9nagements ext\u00e9rieurs, sera construit par la China Machinery Engineering Corporation (CMEC), et la ma\u00eetrise d\u2019\u0153uvre sera assur\u00e9e par le cabinet INTEGC. Les travaux, dont le d\u00e9lai d\u2019ex\u00e9cution est fix\u00e9 \u00e0 42 mois, mobiliseront \u00e9galement un bureau de contr\u00f4le technique ainsi qu\u2019une \u00e9quipe-projet regroupant l\u2019ensemble des parties prenantes.<\/p>\n\n\n\n<figure class=\"wp-block-image size-large\"><img loading=\"lazy\" width=\"1024\" height=\"683\" src=\"https:\/\/www.douanes.cm\/douanes-cameroun\/wp-content\/uploads\/2025\/12\/WhatsApp-Image-2025-12-09-at-23.14.09-1024x683.jpeg\" alt=\"\" class=\"wp-image-8115\" srcset=\"http:\/\/www.douanes.cm\/douanes-cameroun\/wp-content\/uploads\/2025\/12\/WhatsApp-Image-2025-12-09-at-23.14.09-1024x683.jpeg 1024w, http:\/\/www.douanes.cm\/douanes-cameroun\/wp-content\/uploads\/2025\/12\/WhatsApp-Image-2025-12-09-at-23.14.09-300x200.jpeg 300w, http:\/\/www.douanes.cm\/douanes-cameroun\/wp-content\/uploads\/2025\/12\/WhatsApp-Image-2025-12-09-at-23.14.09-768x512.jpeg 768w, http:\/\/www.douanes.cm\/douanes-cameroun\/wp-content\/uploads\/2025\/12\/WhatsApp-Image-2025-12-09-at-23.14.09.jpeg 1080w\" sizes=\"(max-width: 1024px) 100vw, 1024px\" \/><\/figure>\n\n\n\n<p>Avec une capacit\u00e9 d\u2019accueil d\u2019environ 800 personnes, le b\u00e2timent regroupera, pour la premi\u00e8re fois, la quasi-totalit\u00e9 des services centraux de la DGD sur un site unique. L\u2019objectif est clair : optimiser le traitement des dossiers, r\u00e9duire les charges locatives, fluidifier les \u00e9changes internes et renforcer la s\u00e9curit\u00e9 organisationnelle.<\/p>\n\n\n\n<p>Le futur si\u00e8ge abritera des espaces strat\u00e9giques pour r\u00e9pondre aux nouveaux d\u00e9fis de la douane moderne. Avec des bureaux op\u00e9rationnels et r\u00e9serves pour les structures ad hoc, des salles de conf\u00e9rences de 200 et 500 places, des salles de r\u00e9union et salles d\u2019archives, un espace mus\u00e9al et biblioth\u00e8que, une cr\u00e8che, infirmerie, salles de sport, une cantine \u00e9quip\u00e9e, parkings souterrains et a\u00e9riens, des installations techniques, espaces verts et plateforme photovolta\u00efque, et un syst\u00e8me de recyclage des eaux pluviales.<\/p>\n\n\n\n<p>Le projet int\u00e8gre pleinement les exigences actuelles en mati\u00e8re de performance \u00e9nerg\u00e9tique, de s\u00e9curit\u00e9 et de digitalisation.<\/p>\n\n\n\n<figure class=\"wp-block-image size-large\"><img loading=\"lazy\" width=\"1024\" height=\"683\" src=\"https:\/\/www.douanes.cm\/douanes-cameroun\/wp-content\/uploads\/2025\/12\/WhatsApp-Image-2025-12-09-at-23.12.15-1024x683.jpeg\" alt=\"\" class=\"wp-image-8116\" srcset=\"http:\/\/www.douanes.cm\/douanes-cameroun\/wp-content\/uploads\/2025\/12\/WhatsApp-Image-2025-12-09-at-23.12.15-1024x683.jpeg 1024w, http:\/\/www.douanes.cm\/douanes-cameroun\/wp-content\/uploads\/2025\/12\/WhatsApp-Image-2025-12-09-at-23.12.15-300x200.jpeg 300w, http:\/\/www.douanes.cm\/douanes-cameroun\/wp-content\/uploads\/2025\/12\/WhatsApp-Image-2025-12-09-at-23.12.15-768x512.jpeg 768w, http:\/\/www.douanes.cm\/douanes-cameroun\/wp-content\/uploads\/2025\/12\/WhatsApp-Image-2025-12-09-at-23.12.15.jpeg 1080w\" sizes=\"(max-width: 1024px) 100vw, 1024px\" \/><\/figure>\n\n\n\n<p><em>\u00ab&nbsp;Le nouveau joyau architectural qui sera construit \u00e0 Yaound\u00e9 illustre la volont\u00e9 du Gouvernement de poursuivre la transformation des Douanes Camerounaises en une Administration ultramoderne, par\u00e9e pour relever les d\u00e9fis de la Douane du 21\u00e8me si\u00e8cle&nbsp;\u00bb<\/em>, a d\u00e9clar\u00e9 FONGOD Edwin NUVAGA, Directeur G\u00e9n\u00e9ral des Douanes, dans le mot de bienvenue donn\u00e9 lors de la c\u00e9r\u00e9monie de pose de la premi\u00e8re pierre.&nbsp;&nbsp;&nbsp;&nbsp;&nbsp;&nbsp;&nbsp;&nbsp;&nbsp;&nbsp;&nbsp;&nbsp;&nbsp;&nbsp;&nbsp;&nbsp;<\/p>\n\n\n\n<p><strong>Renforcement des infrastructures douani\u00e8res<\/strong><\/p>\n\n\n\n<p>Ce chantier s\u2019inscrit dans une dynamique plus large de renforcement des infrastructures douani\u00e8res \u00e0 travers le pays. Entre 2021 et 2025, de nombreuses r\u00e9habilitations et constructions ont \u00e9t\u00e9 men\u00e9es dans les r\u00e9gions de l\u2019Adamaoua, du Centre, de l\u2019Est, de l\u2019Extr\u00eame-Nord, du Littoral, du Nord, du Nord-Ouest, de l\u2019Ouest, du Sud et du Sud-Ouest.<\/p>\n\n\n\n<p>Les r\u00e9alisations vont de la reconstruction de bureaux frontaliers strat\u00e9giques (Limani, Fotokol, Kentzou) \u00e0 la construction de brigades mobiles, en passant par la r\u00e9novation de postes de contr\u00f4le et de si\u00e8ges r\u00e9gionaux.<\/p>\n\n\n\n<figure class=\"wp-block-image size-large\"><img loading=\"lazy\" width=\"1024\" height=\"682\" src=\"https:\/\/www.douanes.cm\/douanes-cameroun\/wp-content\/uploads\/2025\/12\/WhatsApp-Image-2025-12-09-at-20.36.06-1024x682.jpeg\" alt=\"\" class=\"wp-image-8117\" srcset=\"http:\/\/www.douanes.cm\/douanes-cameroun\/wp-content\/uploads\/2025\/12\/WhatsApp-Image-2025-12-09-at-20.36.06-1024x682.jpeg 1024w, http:\/\/www.douanes.cm\/douanes-cameroun\/wp-content\/uploads\/2025\/12\/WhatsApp-Image-2025-12-09-at-20.36.06-300x200.jpeg 300w, http:\/\/www.douanes.cm\/douanes-cameroun\/wp-content\/uploads\/2025\/12\/WhatsApp-Image-2025-12-09-at-20.36.06-768x512.jpeg 768w, http:\/\/www.douanes.cm\/douanes-cameroun\/wp-content\/uploads\/2025\/12\/WhatsApp-Image-2025-12-09-at-20.36.06-1536x1024.jpeg 1536w, http:\/\/www.douanes.cm\/douanes-cameroun\/wp-content\/uploads\/2025\/12\/WhatsApp-Image-2025-12-09-at-20.36.06-2048x1365.jpeg 2048w\" sizes=\"(max-width: 1024px) 100vw, 1024px\" \/><\/figure>\n\n\n\n<p><em>\u00ab&nbsp;En marge de la pr\u00e9sente c\u00e9r\u00e9monie, je voudrais renouveler mes remerciements \u00e0 l\u2019endroit du Gouvernement, pour sa sollicitude manifest\u00e9e par la construction, en cours, des Immeubles-Si\u00e8ges des Secteurs des Douanes du Nord \u00e0 Garoua, du Nord-Ouest \u00e0 Bamenda et du Sud II \u00e0 Kribi. Tous ces joyaux sortant de terre, illustrent l\u2019engagement permanent du Gouvernement \u00e0 am\u00e9liorer les cadres et conditions de travail des Personnels des Douanes&nbsp;\u00bb<\/em>, a ajout\u00e9 FONGOD Edwin NUVAGA.<\/p>\n\n\n\n<p><strong>Performances<\/strong><\/p>\n\n\n\n<p>Maillon essentiel de la cha\u00eene budg\u00e9taire, la contribution de la Direction G\u00e9n\u00e9rale des Douanes est au financement du budget de l\u2019Etat n\u2019a cess\u00e9 d\u2019augmenter au fil des ann\u00e9es, aussi bien en termes d\u2019objectifs que des recettes effectivement comptabilis\u00e9es dans les caisses publiques.<\/p>\n\n\n\n<p>En analyse comparative des donn\u00e9es consolid\u00e9es sur la d\u00e9cennie, les pr\u00e9visions des recettes douani\u00e8res sont pass\u00e9es de 692,7 milliards de FCFA en 2015 \u00e0 1.136,2 milliards FCFA en 2025, soit une hausse de 443,5 milliards de FCFA. Les recettes douani\u00e8res mobilis\u00e9es, quant \u00e0 elles, sont pass\u00e9es 678,1 milliards de FCFA en 2015 \u00e0 1.055,9 milliards de FCFA en 2024, soit une progression de 378,2 milliards de FCFA.<\/p>\n\n\n\n<figure class=\"wp-block-image size-large\"><img loading=\"lazy\" width=\"1024\" height=\"682\" src=\"https:\/\/www.douanes.cm\/douanes-cameroun\/wp-content\/uploads\/2025\/12\/WhatsApp-Image-2025-12-09-at-20.36.56-1024x682.jpeg\" alt=\"\" class=\"wp-image-8118\" srcset=\"http:\/\/www.douanes.cm\/douanes-cameroun\/wp-content\/uploads\/2025\/12\/WhatsApp-Image-2025-12-09-at-20.36.56-1024x682.jpeg 1024w, http:\/\/www.douanes.cm\/douanes-cameroun\/wp-content\/uploads\/2025\/12\/WhatsApp-Image-2025-12-09-at-20.36.56-300x200.jpeg 300w, http:\/\/www.douanes.cm\/douanes-cameroun\/wp-content\/uploads\/2025\/12\/WhatsApp-Image-2025-12-09-at-20.36.56-768x512.jpeg 768w, http:\/\/www.douanes.cm\/douanes-cameroun\/wp-content\/uploads\/2025\/12\/WhatsApp-Image-2025-12-09-at-20.36.56-1536x1024.jpeg 1536w, http:\/\/www.douanes.cm\/douanes-cameroun\/wp-content\/uploads\/2025\/12\/WhatsApp-Image-2025-12-09-at-20.36.56-2048x1365.jpeg 2048w\" sizes=\"(max-width: 1024px) 100vw, 1024px\" \/><\/figure>\n\n\n\n<p>Pour la premi\u00e8re fois de son histoire, la Direction G\u00e9n\u00e9rale des Douanes du Cameroun a franchi la barre de 1 000 milliards de FCFA de recettes budg\u00e9taires en 2023. Et pour l\u2019ann\u00e9e 2025, il est attendu de la Direction G\u00e9n\u00e9rale des Douanes des recettes de l\u2019ordre de 1 136,2 milliards de FCFA.<\/p>\n\n\n\n<p><em>\u00ab&nbsp;L\u2019Administration des Douanes accomplit d\u00e9j\u00e0 bien ses missions r\u00e9galiennes, dans un environnement de contraintes, mais elle devrait le faire mieux encore. La construction de l\u2019Immeuble-Si\u00e8ge de la Direction G\u00e9n\u00e9rale des Douanes est \u00e0 notre avis un pas en avant vers la r\u00e9alisation de cet objectif, car il s\u2019agira dans un premier temps de mettre fin \u00e0 la diss\u00e9mination g\u00e9ographique des structures dans les diff\u00e9rents immeubles exigus dans la ville de Yaound\u00e9, et ensuite de permettre aux personnels douaniers de travailler dans un environnement attractif et plaisant. La Direction G\u00e9n\u00e9rale des Douanes est une administration strat\u00e9gique et efficace. Nous la c\u00e9l\u00e9brons aujourd\u2019hui \u00e0 travers la pose de la premi\u00e8re pierre de son Immeuble-Si\u00e8ge. Tout un m\u00e9rite&nbsp;\u00bb<\/em>, a conclu Louis Paul MOTAZE, Ministre des Finances.<\/p>\n","protected":false},"excerpt":{"rendered":"<p>Monsieur le Ministre des Finances, Louis Paul MOTAZE, a proc\u00e9d\u00e9 \u00e0 la pose de la premi\u00e8re pierre du futur immeuble-si\u00e8ge de la Direction G\u00e9n\u00e9rale des Douanes. C\u2019\u00e9tait au cours d\u2019une c\u00e9r\u00e9monie grandiose, \u00e0 la quelle ont pris part plusieurs ministres. Dont le Ministre du Travail et de la S\u00e9curit\u00e9 sociale, Gr\u00e9goire OWONA, le Ministre des [&hellip;]<\/p>\n","protected":false},"author":17,"featured_media":8113,"comment_status":"open","ping_status":"open","sticky":true,"template":"","format":"standard","meta":[],"categories":[4,3,5],"tags":[],"_links":{"self":[{"href":"http:\/\/www.douanes.cm\/douanes-cameroun\/wp-json\/wp\/v2\/posts\/8112"}],"collection":[{"href":"http:\/\/www.douanes.cm\/douanes-cameroun\/wp-json\/wp\/v2\/posts"}],"about":[{"href":"http:\/\/www.douanes.cm\/douanes-cameroun\/wp-json\/wp\/v2\/types\/post"}],"author":[{"embeddable":true,"href":"http:\/\/www.douanes.cm\/douanes-cameroun\/wp-json\/wp\/v2\/users\/17"}],"replies":[{"embeddable":true,"href":"http:\/\/www.douanes.cm\/douanes-cameroun\/wp-json\/wp\/v2\/comments?post=8112"}],"version-history":[{"count":2,"href":"http:\/\/www.douanes.cm\/douanes-cameroun\/wp-json\/wp\/v2\/posts\/8112\/revisions"}],"predecessor-version":[{"id":8120,"href":"http:\/\/www.douanes.cm\/douanes-cameroun\/wp-json\/wp\/v2\/posts\/8112\/revisions\/8120"}],"wp:featuredmedia":[{"embeddable":true,"href":"http:\/\/www.douanes.cm\/douanes-cameroun\/wp-json\/wp\/v2\/media\/8113"}],"wp:attachment":[{"href":"http:\/\/www.douanes.cm\/douanes-cameroun\/wp-json\/wp\/v2\/media?parent=8112"}],"wp:term":[{"taxonomy":"category","embeddable":true,"href":"http:\/\/www.douanes.cm\/douanes-cameroun\/wp-json\/wp\/v2\/categories?post=8112"},{"taxonomy":"post_tag","embeddable":true,"href":"http:\/\/www.douanes.cm\/douanes-cameroun\/wp-json\/wp\/v2\/tags?post=8112"}],"curies":[{"name":"wp","href":"https:\/\/api.w.org\/{rel}","templated":true}]}}