{"id":8083,"date":"2025-11-10T14:24:37","date_gmt":"2025-11-10T14:24:37","guid":{"rendered":"https:\/\/www.douanes.cm\/douanes-cameroun\/?p=8083"},"modified":"2025-11-10T14:24:40","modified_gmt":"2025-11-10T14:24:40","slug":"expertise-internationale-les-regles-dorigine-en-partage-au-gabon","status":"publish","type":"post","link":"http:\/\/www.douanes.cm\/douanes-cameroun\/8083\/expertise-internationale-les-regles-dorigine-en-partage-au-gabon\/","title":{"rendered":"Expertise Internationale\u00a0: Les r\u00e8gles d&#8217;origine en partage au Gabon"},"content":{"rendered":"\n<figure class=\"wp-block-image size-large\"><img loading=\"lazy\" width=\"1024\" height=\"682\" src=\"https:\/\/www.douanes.cm\/douanes-cameroun\/wp-content\/uploads\/2025\/11\/WhatsApp-Image-2025-11-10-at-11.04.58-1024x682.jpeg\" alt=\"\" class=\"wp-image-8084\" srcset=\"http:\/\/www.douanes.cm\/douanes-cameroun\/wp-content\/uploads\/2025\/11\/WhatsApp-Image-2025-11-10-at-11.04.58-1024x682.jpeg 1024w, http:\/\/www.douanes.cm\/douanes-cameroun\/wp-content\/uploads\/2025\/11\/WhatsApp-Image-2025-11-10-at-11.04.58-300x200.jpeg 300w, http:\/\/www.douanes.cm\/douanes-cameroun\/wp-content\/uploads\/2025\/11\/WhatsApp-Image-2025-11-10-at-11.04.58-768x511.jpeg 768w, http:\/\/www.douanes.cm\/douanes-cameroun\/wp-content\/uploads\/2025\/11\/WhatsApp-Image-2025-11-10-at-11.04.58.jpeg 1080w\" sizes=\"(max-width: 1024px) 100vw, 1024px\" \/><\/figure>\n\n\n\n<p>David Clovis UM BATTA, Chef de la Cellule de la Coop\u00e9ration Internationale, co-facilite en qualit\u00e9 d&#8217;Expert Accr\u00e9dit\u00e9 de l&#8217;OMD, un atelier de formation avanc\u00e9e sur les r\u00e8gles d&#8217;origine aux c\u00f4t\u00e9s de Guillaume GEROUT SUOMINEN Expert du Programme UE-OMD sur les r\u00e8gles d&#8217;origine du Secr\u00e9tariat de l&#8217;OMD du 10 au 14 novembre 2025 \u00e0 Libreville au Gabon.<\/p>\n\n\n\n<p>Cet atelier permettra de promouvoir l&#8217;expertise r\u00e9gionale et d&#8217;identifier des comp\u00e9tences locales perfectibles mati\u00e8re de R\u00e8gles d\u2019Origine dans un contexte de mise en \u0153uvre de la ZLECAf et des R\u00e8gles d\u2019Origine harmonis\u00e9es de la CEEAC-CEMAC.<\/p>\n\n\n\n<p>Ce tandem d&#8217;experts de l&#8217;OMD mettra le cap sur Douala du 17 au 21 novembre 2025 pour la seconde \u00e9tape de leur mission, qui vise en outre la formation continue et durable mais surtout l&#8217;\u00e9dification d&#8217;un vivier d&#8217;experts en Afrique Centrale.<\/p>\n","protected":false},"excerpt":{"rendered":"<p>David Clovis UM BATTA, Chef de la Cellule de la Coop\u00e9ration Internationale, co-facilite en qualit\u00e9 d&#8217;Expert Accr\u00e9dit\u00e9 de l&#8217;OMD, un atelier de formation avanc\u00e9e sur les r\u00e8gles d&#8217;origine aux c\u00f4t\u00e9s de Guillaume GEROUT SUOMINEN Expert du Programme UE-OMD sur les r\u00e8gles d&#8217;origine du Secr\u00e9tariat de l&#8217;OMD du 10 au 14 novembre 2025 \u00e0 Libreville au [&hellip;]<\/p>\n","protected":false},"author":17,"featured_media":8084,"comment_status":"open","ping_status":"open","sticky":true,"template":"","format":"standard","meta":[],"categories":[4,2,5],"tags":[],"_links":{"self":[{"href":"http:\/\/www.douanes.cm\/douanes-cameroun\/wp-json\/wp\/v2\/posts\/8083"}],"collection":[{"href":"http:\/\/www.douanes.cm\/douanes-cameroun\/wp-json\/wp\/v2\/posts"}],"about":[{"href":"http:\/\/www.douanes.cm\/douanes-cameroun\/wp-json\/wp\/v2\/types\/post"}],"author":[{"embeddable":true,"href":"http:\/\/www.douanes.cm\/douanes-cameroun\/wp-json\/wp\/v2\/users\/17"}],"replies":[{"embeddable":true,"href":"http:\/\/www.douanes.cm\/douanes-cameroun\/wp-json\/wp\/v2\/comments?post=8083"}],"version-history":[{"count":1,"href":"http:\/\/www.douanes.cm\/douanes-cameroun\/wp-json\/wp\/v2\/posts\/8083\/revisions"}],"predecessor-version":[{"id":8085,"href":"http:\/\/www.douanes.cm\/douanes-cameroun\/wp-json\/wp\/v2\/posts\/8083\/revisions\/8085"}],"wp:featuredmedia":[{"embeddable":true,"href":"http:\/\/www.douanes.cm\/douanes-cameroun\/wp-json\/wp\/v2\/media\/8084"}],"wp:attachment":[{"href":"http:\/\/www.douanes.cm\/douanes-cameroun\/wp-json\/wp\/v2\/media?parent=8083"}],"wp:term":[{"taxonomy":"category","embeddable":true,"href":"http:\/\/www.douanes.cm\/douanes-cameroun\/wp-json\/wp\/v2\/categories?post=8083"},{"taxonomy":"post_tag","embeddable":true,"href":"http:\/\/www.douanes.cm\/douanes-cameroun\/wp-json\/wp\/v2\/tags?post=8083"}],"curies":[{"name":"wp","href":"https:\/\/api.w.org\/{rel}","templated":true}]}}