{"id":8080,"date":"2025-11-10T14:09:43","date_gmt":"2025-11-10T14:09:43","guid":{"rendered":"https:\/\/www.douanes.cm\/douanes-cameroun\/?p=8080"},"modified":"2025-11-10T14:21:08","modified_gmt":"2025-11-10T14:21:08","slug":"direction-generale-des-douanes-les-choses-bougent-dans-le-bon-sens","status":"publish","type":"post","link":"http:\/\/www.douanes.cm\/douanes-cameroun\/8080\/direction-generale-des-douanes-les-choses-bougent-dans-le-bon-sens\/","title":{"rendered":"Direction G\u00e9n\u00e9rale Des Douanes\u00a0: \u00a0Les choses bougent dans le bon sens"},"content":{"rendered":"\n<figure class=\"wp-block-image size-full\"><img loading=\"lazy\" width=\"1000\" height=\"750\" src=\"https:\/\/www.douanes.cm\/douanes-cameroun\/wp-content\/uploads\/2025\/11\/WhatsApp-Image-2025-11-10-at-10.59.05.jpeg\" alt=\"\" class=\"wp-image-8081\" srcset=\"http:\/\/www.douanes.cm\/douanes-cameroun\/wp-content\/uploads\/2025\/11\/WhatsApp-Image-2025-11-10-at-10.59.05.jpeg 1000w, http:\/\/www.douanes.cm\/douanes-cameroun\/wp-content\/uploads\/2025\/11\/WhatsApp-Image-2025-11-10-at-10.59.05-300x225.jpeg 300w, http:\/\/www.douanes.cm\/douanes-cameroun\/wp-content\/uploads\/2025\/11\/WhatsApp-Image-2025-11-10-at-10.59.05-768x576.jpeg 768w\" sizes=\"(max-width: 1000px) 100vw, 1000px\" \/><\/figure>\n\n\n\n<p>Le tableau de bord de la premi\u00e8re decade de Novembre 2025 affiche des \u00e9volutions positives. Des perspectives ambitieuses sont relev\u00e9es au cours de cette semaine. Telles sont les principales conclusions de la r\u00e9union hebdomadaire du comit\u00e9 de direction pr\u00e9sid\u00e9e ce lundi 10 Novembre 2025 par Monsieur le Directeur G\u00e9n\u00e9ral des Douanes, FONGOD Edwin NUVAGA.<\/p>\n\n\n\n<p>Les op\u00e9rations de transit des marchandises se sont d\u00e9roul\u00e9es dans des bonnes conditions pendant la premi\u00e8re decade. Les cargaisons ont franchi les fronti\u00e8res nationales \u00e0 destination du Tchad et de la RCA. La semaine qui commence est marqu\u00e9e par la visite de travail au Cameroun de Monsieur le Directeur G\u00e9n\u00e9ral des Douanes et Droits Indirects de RCA, Fr\u00e9d\u00e9ric Th\u00e9odore INAMO. Il proc\u00e8dera notamment au lancement solennel des activit\u00e9s de l&#8217;antenne des Douanes Centrafricaines \u00e0 Kribi. L&#8217;\u00e9v\u00e9nement est programm\u00e9 pour demain, mardi 11 novembre 2025. La facilitation et la s\u00e9curisation des op\u00e9rations de transit des marchandises sont au centre de cette action coordonn\u00e9e sur le terrain, pour \u00e0 terme renforcer l&#8217;int\u00e9gration communautaire en Zone CEMAC.<\/p>\n\n\n\n<p>La m\u00eame vitalit\u00e9 est mise en relief au niveau de la surveillance douani\u00e8re du plan d&#8217;eau. En ex\u00e9cution des termes de la convention MINFI-MINDEF, les \u00e9quipes douani\u00e8res travailllent en \u00e9troite collaboration avec celles de la d\u00e9fense et de la s\u00e9curit\u00e9. Elles ont un int\u00e9r\u00eat commun \u00e0 lutter contre les trafics illicites et les menaces \u00e0 la s\u00e9curit\u00e9 int\u00e9rieure. De nombreuses saisies sont projet\u00e9es. Pour ce faire, la mutualisation des ressources humaines devra s&#8217;accompagner d&#8217;une mutualisation des ressources mat\u00e9rielles et d&#8217;une mutualisation du renseignement, pour une Action de l&#8217;Etat en Mer efficace.<\/p>\n\n\n\n<p>La situation est globalement sereine dans les unit\u00e9s douani\u00e8res \u00e0 travers le territoire national. L&#8217;on note d&#8217;importants flux de marchandises import\u00e9es pour la mise \u00e0 la consommation dans les ports, les a\u00e9roports et les fronti\u00e8res terrestres. La vigilance demeure active et constante, avec l&#8217;appui des autorit\u00e9s administratives, militaires et traditionnelles locales. Les usagers sont progressivement rassur\u00e9s sur la garantie de la paix et de la s\u00e9curit\u00e9. Les unit\u00e9s sinistr\u00e9es du septentrion sont r\u00e9habilit\u00e9es, \u00e9quip\u00e9es et fonctionnelles 24h\/24. Le plein r\u00e9gime est attendu dans les prochains jours.<\/p>\n\n\n\n<p>Une r\u00e9action particuli\u00e8re est attendue des op\u00e9rationnels. En effet, Monsieur le Directeur G\u00e9n\u00e9ral des Douanes est revenu sur sa note faisant suite \u00e0 une alerte de l&#8217;Organisation Mondiale de la Sant\u00e9 (OMS) relay\u00e9e par le Secr\u00e9taire G\u00e9n\u00e9ral de l&#8217;Organisation Internationale de Police Criminelle (OIPC-INTERPOL) au D\u00e9l\u00e9gu\u00e9 G\u00e9n\u00e9ral \u00e0 la S\u00fbret\u00e9 Nationale relative \u00e0 la circulation au Cameroun de sirops de toux contamin\u00e9s de marques Coldrif, Respifresh TR et Relife. Ces sirops ont caus\u00e9 des d\u00e9c\u00e8s d&#8217;enfants en Inde. Afin de juguler les risques inh\u00e9rents \u00e0 une consommation de ces produits contamin\u00e9s et leurs effets n\u00e9fastes sur la sant\u00e9 publique, Monsieur le Directeur G\u00e9n\u00e9ral des Douanes invite ses collaborateurs op\u00e9rationnels \u00e0 prendre toutes les mesures, en vue du renforcement des actions de surveillance et de contr\u00f4le sur le terrain.<\/p>\n\n\n\n<p>L&#8217;attention est port\u00e9e enfin sur la taxation conforme des marchandises. Pour les trois derni\u00e8res semaines, l&#8217;\u00e9quipe de monitoring, sous l&#8217;encadrement du Chef de la Division de la coop\u00e9ration internationale et des Bases de Taxation (DGD9), Samuel D\u00e9sir\u00e9 KWEDI, a pass\u00e9 en revue les points de coh\u00e9rence et les dysfonctionnements de la p\u00e9riode sous revue. Elle a aussi partag\u00e9 l&#8217;information sur la situation du transit des marchandises et sur la d\u00e9pense fiscale pendant la p\u00e9riode de r\u00e9f\u00e9rence. L&#8217;\u00e9quipe de monitoring a achev\u00e9 sa pr\u00e9sentation par l&#8217;\u00e9mission de quelques suggestions, dans la perspective d&#8217;am\u00e9liorer substantiellement le traitement des d\u00e9clarations et, de mani\u00e8re incidente, lutter contre les fraudes et accro\u00eetre les recettes douani\u00e8res. <\/p>\n\n\n\n<p>En adressant ses encouragements \u00e0 ses collaborateurs des services centraux et d\u00e9concentr\u00e9s, Monsieur le Directeur G\u00e9n\u00e9ral des Douanes leur souhaite une excellente semaine de travail. Les choses bougent dans le bon sens.<\/p>\n","protected":false},"excerpt":{"rendered":"<p>Le tableau de bord de la premi\u00e8re decade de Novembre 2025 affiche des \u00e9volutions positives. Des perspectives ambitieuses sont relev\u00e9es au cours de cette semaine. Telles sont les principales conclusions de la r\u00e9union hebdomadaire du comit\u00e9 de direction pr\u00e9sid\u00e9e ce lundi 10 Novembre 2025 par Monsieur le Directeur G\u00e9n\u00e9ral des Douanes, FONGOD Edwin NUVAGA. Les [&hellip;]<\/p>\n","protected":false},"author":17,"featured_media":8081,"comment_status":"open","ping_status":"open","sticky":true,"template":"","format":"standard","meta":[],"categories":[4,213,5],"tags":[],"_links":{"self":[{"href":"http:\/\/www.douanes.cm\/douanes-cameroun\/wp-json\/wp\/v2\/posts\/8080"}],"collection":[{"href":"http:\/\/www.douanes.cm\/douanes-cameroun\/wp-json\/wp\/v2\/posts"}],"about":[{"href":"http:\/\/www.douanes.cm\/douanes-cameroun\/wp-json\/wp\/v2\/types\/post"}],"author":[{"embeddable":true,"href":"http:\/\/www.douanes.cm\/douanes-cameroun\/wp-json\/wp\/v2\/users\/17"}],"replies":[{"embeddable":true,"href":"http:\/\/www.douanes.cm\/douanes-cameroun\/wp-json\/wp\/v2\/comments?post=8080"}],"version-history":[{"count":1,"href":"http:\/\/www.douanes.cm\/douanes-cameroun\/wp-json\/wp\/v2\/posts\/8080\/revisions"}],"predecessor-version":[{"id":8082,"href":"http:\/\/www.douanes.cm\/douanes-cameroun\/wp-json\/wp\/v2\/posts\/8080\/revisions\/8082"}],"wp:featuredmedia":[{"embeddable":true,"href":"http:\/\/www.douanes.cm\/douanes-cameroun\/wp-json\/wp\/v2\/media\/8081"}],"wp:attachment":[{"href":"http:\/\/www.douanes.cm\/douanes-cameroun\/wp-json\/wp\/v2\/media?parent=8080"}],"wp:term":[{"taxonomy":"category","embeddable":true,"href":"http:\/\/www.douanes.cm\/douanes-cameroun\/wp-json\/wp\/v2\/categories?post=8080"},{"taxonomy":"post_tag","embeddable":true,"href":"http:\/\/www.douanes.cm\/douanes-cameroun\/wp-json\/wp\/v2\/tags?post=8080"}],"curies":[{"name":"wp","href":"https:\/\/api.w.org\/{rel}","templated":true}]}}