{"id":8064,"date":"2025-10-21T04:04:34","date_gmt":"2025-10-21T04:04:34","guid":{"rendered":"https:\/\/www.douanes.cm\/douanes-cameroun\/?p=8064"},"modified":"2025-10-21T04:04:36","modified_gmt":"2025-10-21T04:04:36","slug":"lutte-contre-le-blanchiment-des-capitaux-et-le-financement-du-terrorisme-la-connaissance-fertilisee-a-bafoussam","status":"publish","type":"post","link":"http:\/\/www.douanes.cm\/douanes-cameroun\/8064\/lutte-contre-le-blanchiment-des-capitaux-et-le-financement-du-terrorisme-la-connaissance-fertilisee-a-bafoussam\/","title":{"rendered":"Lutte contre le blanchiment des capitaux et le financement du terrorisme : La connaissance fertilis\u00e9e \u00e0 Bafoussam"},"content":{"rendered":"\n<figure class=\"wp-block-image size-full\"><img loading=\"lazy\" width=\"1000\" height=\"563\" src=\"https:\/\/www.douanes.cm\/douanes-cameroun\/wp-content\/uploads\/2025\/10\/Formation-sur-la-lutte-contre-le-blanchiment-des-capitaux.jpg\" alt=\"\" class=\"wp-image-8065\" srcset=\"http:\/\/www.douanes.cm\/douanes-cameroun\/wp-content\/uploads\/2025\/10\/Formation-sur-la-lutte-contre-le-blanchiment-des-capitaux.jpg 1000w, http:\/\/www.douanes.cm\/douanes-cameroun\/wp-content\/uploads\/2025\/10\/Formation-sur-la-lutte-contre-le-blanchiment-des-capitaux-300x169.jpg 300w, http:\/\/www.douanes.cm\/douanes-cameroun\/wp-content\/uploads\/2025\/10\/Formation-sur-la-lutte-contre-le-blanchiment-des-capitaux-768x432.jpg 768w\" sizes=\"(max-width: 1000px) 100vw, 1000px\" \/><\/figure>\n\n\n\n<p>La salle de r\u00e9unions du Secteur des Douanes de l&#8217;Ouest a abrit\u00e9 un s\u00e9minaire de renforcement des capacit\u00e9s des Personnels des Douanes en mati\u00e8re de lutte contre le blanchiment des capitaux et financement du terrorisme.<\/p>\n\n\n\n<p>Cette activit\u00e9 de la Direction G\u00e9n\u00e9rale des Douanes \u00e9tait port\u00e9e par la Division du Contr\u00f4le des op\u00e9rations financi\u00e8res du commerce ext\u00e9rieur et des changes (DGD6).<\/p>\n\n\n\n<p>Monsieur le Chef du Secteur des Douanes de l&#8217;Ouest, SADIU Oumarou, a ouvert les travaux au nom de Monsieur le Directeur G\u00e9n\u00e9ral des Douanes emp\u00each\u00e9. Les participants sont issus des Secteurs des Douanes du Sud 2, du Littoral 1, du Littoral 2, du Sud-Ouest, du Nord-Ouest et de l&#8217;Ouest.<\/p>\n\n\n\n<p>Pendant deux jours, les apprenants ont \u00e9t\u00e9 \u00e9difi\u00e9s sur les modules ci-apr\u00e8s :<\/p>\n\n\n\n<p>&#8211; Cadre l\u00e9gislatif et r\u00e9glementaire de la LBC\/FT et attentes de l&#8217;ANIF vis-\u00e0-vis de la Douane, anim\u00e9 par un expert de l&#8217;ANIF (Agence Nationale d&#8217;Investigation Financi\u00e8re);<\/p>\n\n\n\n<p>&#8211; Incidence des actifs financiers et virtuels ( crypto monnaies, HAWALA) dans le BC\/FT) anim\u00e9 par la repr\u00e9sentante de la Direction G\u00e9n\u00e9rale du Tr\u00e9sor, de la Coop\u00e9ration Financi\u00e8re et Mon\u00e9taire;<\/p>\n\n\n\n<p>&#8211; L&#8217;appropriation des obligations d&#8217;Officier de Police Judiciaire \u00e0 comp\u00e9tence sp\u00e9ciale et des proc\u00e9dures de poursuite judiciaire en mati\u00e8re de LBC\/FT, anim\u00e9 par le Dr Ferry Armand MPINDA, Procureur de la R\u00e9publique pr\u00e8s les tribunaux d&#8217;instance de NGOUMOU ;<\/p>\n\n\n\n<p>&#8211; R\u00f4le des unit\u00e9s de surveillance en mati\u00e8re de LBC\/FT anim\u00e9 par le GSID.<\/p>\n\n\n\n<p>Les travaux se sont achev\u00e9s vendredi 17 octobre 2025.<\/p>\n","protected":false},"excerpt":{"rendered":"<p>La salle de r\u00e9unions du Secteur des Douanes de l&#8217;Ouest a abrit\u00e9 un s\u00e9minaire de renforcement des capacit\u00e9s des Personnels des Douanes en mati\u00e8re de lutte contre le blanchiment des capitaux et financement du terrorisme. Cette activit\u00e9 de la Direction G\u00e9n\u00e9rale des Douanes \u00e9tait port\u00e9e par la Division du Contr\u00f4le des op\u00e9rations financi\u00e8res du commerce [&hellip;]<\/p>\n","protected":false},"author":17,"featured_media":8065,"comment_status":"open","ping_status":"open","sticky":false,"template":"","format":"standard","meta":[],"categories":[4,5],"tags":[],"_links":{"self":[{"href":"http:\/\/www.douanes.cm\/douanes-cameroun\/wp-json\/wp\/v2\/posts\/8064"}],"collection":[{"href":"http:\/\/www.douanes.cm\/douanes-cameroun\/wp-json\/wp\/v2\/posts"}],"about":[{"href":"http:\/\/www.douanes.cm\/douanes-cameroun\/wp-json\/wp\/v2\/types\/post"}],"author":[{"embeddable":true,"href":"http:\/\/www.douanes.cm\/douanes-cameroun\/wp-json\/wp\/v2\/users\/17"}],"replies":[{"embeddable":true,"href":"http:\/\/www.douanes.cm\/douanes-cameroun\/wp-json\/wp\/v2\/comments?post=8064"}],"version-history":[{"count":1,"href":"http:\/\/www.douanes.cm\/douanes-cameroun\/wp-json\/wp\/v2\/posts\/8064\/revisions"}],"predecessor-version":[{"id":8066,"href":"http:\/\/www.douanes.cm\/douanes-cameroun\/wp-json\/wp\/v2\/posts\/8064\/revisions\/8066"}],"wp:featuredmedia":[{"embeddable":true,"href":"http:\/\/www.douanes.cm\/douanes-cameroun\/wp-json\/wp\/v2\/media\/8065"}],"wp:attachment":[{"href":"http:\/\/www.douanes.cm\/douanes-cameroun\/wp-json\/wp\/v2\/media?parent=8064"}],"wp:term":[{"taxonomy":"category","embeddable":true,"href":"http:\/\/www.douanes.cm\/douanes-cameroun\/wp-json\/wp\/v2\/categories?post=8064"},{"taxonomy":"post_tag","embeddable":true,"href":"http:\/\/www.douanes.cm\/douanes-cameroun\/wp-json\/wp\/v2\/tags?post=8064"}],"curies":[{"name":"wp","href":"https:\/\/api.w.org\/{rel}","templated":true}]}}