{"id":8037,"date":"2025-09-08T23:59:58","date_gmt":"2025-09-08T23:59:58","guid":{"rendered":"https:\/\/www.douanes.cm\/douanes-cameroun\/?p=8037"},"modified":"2025-09-09T02:30:44","modified_gmt":"2025-09-09T02:30:44","slug":"patriotisme-la-verve-douaniere","status":"publish","type":"post","link":"http:\/\/www.douanes.cm\/douanes-cameroun\/8037\/patriotisme-la-verve-douaniere\/","title":{"rendered":"Patriotisme\u00a0: La verve douani\u00e8re"},"content":{"rendered":"\n<figure class=\"wp-block-image size-large\"><img loading=\"lazy\" width=\"1024\" height=\"576\" src=\"https:\/\/www.douanes.cm\/douanes-cameroun\/wp-content\/uploads\/2025\/09\/WhatsApp-Image-2025-09-08-at-08.26.17-1024x576.jpeg\" alt=\"\" class=\"wp-image-8038\" srcset=\"http:\/\/www.douanes.cm\/douanes-cameroun\/wp-content\/uploads\/2025\/09\/WhatsApp-Image-2025-09-08-at-08.26.17-1024x576.jpeg 1024w, http:\/\/www.douanes.cm\/douanes-cameroun\/wp-content\/uploads\/2025\/09\/WhatsApp-Image-2025-09-08-at-08.26.17-300x169.jpeg 300w, http:\/\/www.douanes.cm\/douanes-cameroun\/wp-content\/uploads\/2025\/09\/WhatsApp-Image-2025-09-08-at-08.26.17-768x432.jpeg 768w, http:\/\/www.douanes.cm\/douanes-cameroun\/wp-content\/uploads\/2025\/09\/WhatsApp-Image-2025-09-08-at-08.26.17.jpeg 1080w\" sizes=\"(max-width: 1024px) 100vw, 1024px\" \/><\/figure>\n\n\n\n<p>La Direction G\u00e9n\u00e9rale des Douanes a honor\u00e9 la c\u00e9r\u00e9monie de lev\u00e9e des couleurs coupl\u00e9e \u00e0 la minute du civisme ce lundi 08 septembre 2025, \u00e0 l&#8217;esplanade du Minist\u00e8re des Finances. La communication civique a port\u00e9 sur le service public. <\/p>\n\n\n\n<p>Elle a \u00e9t\u00e9 port\u00e9e en anglais par Monsieur le Directeur G\u00e9n\u00e9ral des Douanes, FONGOD Edwin NUVAGA, et en fran\u00e7ais par Monsieur KWEDI Samuel D\u00e9sir\u00e9, Chef de la Division des Bases de Taxation et de la Coop\u00e9ration Internationale.<\/p>\n","protected":false},"excerpt":{"rendered":"<p>La Direction G\u00e9n\u00e9rale des Douanes a honor\u00e9 la c\u00e9r\u00e9monie de lev\u00e9e des couleurs coupl\u00e9e \u00e0 la minute du civisme ce lundi 08 septembre 2025, \u00e0 l&#8217;esplanade du Minist\u00e8re des Finances. La communication civique a port\u00e9 sur le service public. Elle a \u00e9t\u00e9 port\u00e9e en anglais par Monsieur le Directeur G\u00e9n\u00e9ral des Douanes, FONGOD Edwin NUVAGA, [&hellip;]<\/p>\n","protected":false},"author":17,"featured_media":8038,"comment_status":"open","ping_status":"open","sticky":true,"template":"","format":"standard","meta":[],"categories":[4,89,3,5],"tags":[],"_links":{"self":[{"href":"http:\/\/www.douanes.cm\/douanes-cameroun\/wp-json\/wp\/v2\/posts\/8037"}],"collection":[{"href":"http:\/\/www.douanes.cm\/douanes-cameroun\/wp-json\/wp\/v2\/posts"}],"about":[{"href":"http:\/\/www.douanes.cm\/douanes-cameroun\/wp-json\/wp\/v2\/types\/post"}],"author":[{"embeddable":true,"href":"http:\/\/www.douanes.cm\/douanes-cameroun\/wp-json\/wp\/v2\/users\/17"}],"replies":[{"embeddable":true,"href":"http:\/\/www.douanes.cm\/douanes-cameroun\/wp-json\/wp\/v2\/comments?post=8037"}],"version-history":[{"count":1,"href":"http:\/\/www.douanes.cm\/douanes-cameroun\/wp-json\/wp\/v2\/posts\/8037\/revisions"}],"predecessor-version":[{"id":8039,"href":"http:\/\/www.douanes.cm\/douanes-cameroun\/wp-json\/wp\/v2\/posts\/8037\/revisions\/8039"}],"wp:featuredmedia":[{"embeddable":true,"href":"http:\/\/www.douanes.cm\/douanes-cameroun\/wp-json\/wp\/v2\/media\/8038"}],"wp:attachment":[{"href":"http:\/\/www.douanes.cm\/douanes-cameroun\/wp-json\/wp\/v2\/media?parent=8037"}],"wp:term":[{"taxonomy":"category","embeddable":true,"href":"http:\/\/www.douanes.cm\/douanes-cameroun\/wp-json\/wp\/v2\/categories?post=8037"},{"taxonomy":"post_tag","embeddable":true,"href":"http:\/\/www.douanes.cm\/douanes-cameroun\/wp-json\/wp\/v2\/tags?post=8037"}],"curies":[{"name":"wp","href":"https:\/\/api.w.org\/{rel}","templated":true}]}}