{"id":7963,"date":"2025-08-01T20:13:40","date_gmt":"2025-08-01T20:13:40","guid":{"rendered":"https:\/\/www.douanes.cm\/douanes-cameroun\/?p=7963"},"modified":"2025-08-01T20:13:42","modified_gmt":"2025-08-01T20:13:42","slug":"renforcement-des-capacites-des-parchemins-pour-des-douaniers-au-centre-conjoint-de-formation-a-la-securite-maritime-de-lagos-au-nigeria","status":"publish","type":"post","link":"http:\/\/www.douanes.cm\/douanes-cameroun\/7963\/renforcement-des-capacites-des-parchemins-pour-des-douaniers-au-centre-conjoint-de-formation-a-la-securite-maritime-de-lagos-au-nigeria\/","title":{"rendered":"Renforcement des capacit\u00e9s\u00a0: Des parchemins pour des douaniers au Centre conjoint de formation \u00e0 la s\u00e9curit\u00e9 maritime de Lagos au Nig\u00e9ria"},"content":{"rendered":"\n<figure class=\"wp-block-image size-large\"><img loading=\"lazy\" width=\"1024\" height=\"768\" src=\"https:\/\/www.douanes.cm\/douanes-cameroun\/wp-content\/uploads\/2025\/08\/WhatsApp-Image-2025-08-01-at-14.25.04-1024x768.jpeg\" alt=\"\" class=\"wp-image-7964\" srcset=\"http:\/\/www.douanes.cm\/douanes-cameroun\/wp-content\/uploads\/2025\/08\/WhatsApp-Image-2025-08-01-at-14.25.04-1024x768.jpeg 1024w, http:\/\/www.douanes.cm\/douanes-cameroun\/wp-content\/uploads\/2025\/08\/WhatsApp-Image-2025-08-01-at-14.25.04-300x225.jpeg 300w, http:\/\/www.douanes.cm\/douanes-cameroun\/wp-content\/uploads\/2025\/08\/WhatsApp-Image-2025-08-01-at-14.25.04-768x576.jpeg 768w, http:\/\/www.douanes.cm\/douanes-cameroun\/wp-content\/uploads\/2025\/08\/WhatsApp-Image-2025-08-01-at-14.25.04.jpeg 1032w\" sizes=\"(max-width: 1024px) 100vw, 1024px\" \/><\/figure>\n\n\n\n<p>Le Capitaine ABBE Jean Rodrigue, le Contr\u00f4leur Principal EYAKWE MOITI MUKETE, les Contr\u00f4leur Adjoints TEPONG Elmes ENJOH et ATEM Divinnet ANNEH ont re\u00e7u leurs parchemins de fin de formation de base VBSS au Centre conjoint de formation \u00e0 la s\u00e9curit\u00e9 maritime de Lagos au Nig\u00e9ria ce vendredi 1er aout 2025.<\/p>\n\n\n\n<p>Ils ont brillamment repr\u00e9sent\u00e9 les Douanes Camerounaises du 21 juillet au 1er ao\u00fbt 2025. Leur terrain d&#8217;expression \u00e9tait le Joint Maritime Security Training Centre (JMSTC) de Lagos au Nigeria.<\/p>\n\n\n\n<figure class=\"wp-block-image size-large\"><img loading=\"lazy\" width=\"1024\" height=\"768\" src=\"https:\/\/www.douanes.cm\/douanes-cameroun\/wp-content\/uploads\/2025\/08\/WhatsApp-Image-2025-08-01-at-15.33.37-1024x768.jpeg\" alt=\"\" class=\"wp-image-7965\" srcset=\"http:\/\/www.douanes.cm\/douanes-cameroun\/wp-content\/uploads\/2025\/08\/WhatsApp-Image-2025-08-01-at-15.33.37-1024x768.jpeg 1024w, http:\/\/www.douanes.cm\/douanes-cameroun\/wp-content\/uploads\/2025\/08\/WhatsApp-Image-2025-08-01-at-15.33.37-300x225.jpeg 300w, http:\/\/www.douanes.cm\/douanes-cameroun\/wp-content\/uploads\/2025\/08\/WhatsApp-Image-2025-08-01-at-15.33.37-768x576.jpeg 768w, http:\/\/www.douanes.cm\/douanes-cameroun\/wp-content\/uploads\/2025\/08\/WhatsApp-Image-2025-08-01-at-15.33.37.jpeg 1280w\" sizes=\"(max-width: 1024px) 100vw, 1024px\" \/><\/figure>\n\n\n\n<p>Il faut indiquer que cette formation \u00e9tait organis\u00e9e \u00e0 l&#8217;initiative du Gouvernement du Danemark, dans le cadre de son Programme de s\u00e9curit\u00e9 maritime pour le Golfe de Guin\u00e9e. Ce Programme vise \u00e0 renforcer les capacit\u00e9s d&#8217;application du droit maritime de certains \u00c9tats et agences de la R\u00e9gion du Golfe de Guin\u00e9e.<\/p>\n\n\n\n<p>La formation de base VBSS ou Visit, Board, Search and Seizure, est une terminologie utilis\u00e9e traditionnellement dans le langage militaire et du droit maritime pour traduire des actions de surveillance maritime. Les \u00e9quipes VBSS sont utilis\u00e9es pour lutter contre les trafics les stup\u00e9fiants, les armes et la piraterie maritime.<\/p>\n\n\n\n<figure class=\"wp-block-image size-large\"><img loading=\"lazy\" width=\"768\" height=\"1024\" src=\"https:\/\/www.douanes.cm\/douanes-cameroun\/wp-content\/uploads\/2025\/08\/WhatsApp-Image-2025-08-01-at-14.25.03-768x1024.jpeg\" alt=\"\" class=\"wp-image-7966\" srcset=\"http:\/\/www.douanes.cm\/douanes-cameroun\/wp-content\/uploads\/2025\/08\/WhatsApp-Image-2025-08-01-at-14.25.03-768x1024.jpeg 768w, http:\/\/www.douanes.cm\/douanes-cameroun\/wp-content\/uploads\/2025\/08\/WhatsApp-Image-2025-08-01-at-14.25.03-225x300.jpeg 225w, http:\/\/www.douanes.cm\/douanes-cameroun\/wp-content\/uploads\/2025\/08\/WhatsApp-Image-2025-08-01-at-14.25.03.jpeg 774w\" sizes=\"(max-width: 768px) 100vw, 768px\" \/><\/figure>\n\n\n\n<p>Nos gabelous ont \u00e9t\u00e9 courageux et perspicaces pendant ces 10 jours de formation basique. Les cours th\u00e9oriques ont \u00e9t\u00e9 savamment compl\u00e9t\u00e9s par des op\u00e9rations pratiques. Il ne leur reste plus qu&#8217;\u00e0 mettre tous ces savoirs, ces savoir-faire et ces savoir-\u00eatre au service de la s\u00e9curit\u00e9 maritime au Cameroun et dans le Golfe de Guin\u00e9e.<\/p>\n","protected":false},"excerpt":{"rendered":"<p>Le Capitaine ABBE Jean Rodrigue, le Contr\u00f4leur Principal EYAKWE MOITI MUKETE, les Contr\u00f4leur Adjoints TEPONG Elmes ENJOH et ATEM Divinnet ANNEH ont re\u00e7u leurs parchemins de fin de formation de base VBSS au Centre conjoint de formation \u00e0 la s\u00e9curit\u00e9 maritime de Lagos au Nig\u00e9ria ce vendredi 1er aout 2025. Ils ont brillamment repr\u00e9sent\u00e9 les [&hellip;]<\/p>\n","protected":false},"author":17,"featured_media":7964,"comment_status":"open","ping_status":"open","sticky":true,"template":"","format":"standard","meta":[],"categories":[4,2,89,223,5,217],"tags":[],"_links":{"self":[{"href":"http:\/\/www.douanes.cm\/douanes-cameroun\/wp-json\/wp\/v2\/posts\/7963"}],"collection":[{"href":"http:\/\/www.douanes.cm\/douanes-cameroun\/wp-json\/wp\/v2\/posts"}],"about":[{"href":"http:\/\/www.douanes.cm\/douanes-cameroun\/wp-json\/wp\/v2\/types\/post"}],"author":[{"embeddable":true,"href":"http:\/\/www.douanes.cm\/douanes-cameroun\/wp-json\/wp\/v2\/users\/17"}],"replies":[{"embeddable":true,"href":"http:\/\/www.douanes.cm\/douanes-cameroun\/wp-json\/wp\/v2\/comments?post=7963"}],"version-history":[{"count":1,"href":"http:\/\/www.douanes.cm\/douanes-cameroun\/wp-json\/wp\/v2\/posts\/7963\/revisions"}],"predecessor-version":[{"id":7967,"href":"http:\/\/www.douanes.cm\/douanes-cameroun\/wp-json\/wp\/v2\/posts\/7963\/revisions\/7967"}],"wp:featuredmedia":[{"embeddable":true,"href":"http:\/\/www.douanes.cm\/douanes-cameroun\/wp-json\/wp\/v2\/media\/7964"}],"wp:attachment":[{"href":"http:\/\/www.douanes.cm\/douanes-cameroun\/wp-json\/wp\/v2\/media?parent=7963"}],"wp:term":[{"taxonomy":"category","embeddable":true,"href":"http:\/\/www.douanes.cm\/douanes-cameroun\/wp-json\/wp\/v2\/categories?post=7963"},{"taxonomy":"post_tag","embeddable":true,"href":"http:\/\/www.douanes.cm\/douanes-cameroun\/wp-json\/wp\/v2\/tags?post=7963"}],"curies":[{"name":"wp","href":"https:\/\/api.w.org\/{rel}","templated":true}]}}