{"id":7917,"date":"2025-07-08T12:02:41","date_gmt":"2025-07-08T12:02:41","guid":{"rendered":"https:\/\/www.douanes.cm\/douanes-cameroun\/?p=7917"},"modified":"2025-07-08T12:04:55","modified_gmt":"2025-07-08T12:04:55","slug":"questions-tarifaires-la-cemac-reunie-au-tchad","status":"publish","type":"post","link":"http:\/\/www.douanes.cm\/douanes-cameroun\/7917\/questions-tarifaires-la-cemac-reunie-au-tchad\/","title":{"rendered":"Questions tarifaires\u00a0: La CEMAC r\u00e9unie au Tchad"},"content":{"rendered":"\n<figure class=\"wp-block-image size-large\"><img loading=\"lazy\" width=\"1024\" height=\"496\" src=\"https:\/\/www.douanes.cm\/douanes-cameroun\/wp-content\/uploads\/2025\/07\/Reunion-strategique-des-experts-de-la-CEMAC-1-1024x496.jpg\" alt=\"\" class=\"wp-image-7920\" srcset=\"http:\/\/www.douanes.cm\/douanes-cameroun\/wp-content\/uploads\/2025\/07\/Reunion-strategique-des-experts-de-la-CEMAC-1-1024x496.jpg 1024w, http:\/\/www.douanes.cm\/douanes-cameroun\/wp-content\/uploads\/2025\/07\/Reunion-strategique-des-experts-de-la-CEMAC-1-300x145.jpg 300w, http:\/\/www.douanes.cm\/douanes-cameroun\/wp-content\/uploads\/2025\/07\/Reunion-strategique-des-experts-de-la-CEMAC-1-768x372.jpg 768w, http:\/\/www.douanes.cm\/douanes-cameroun\/wp-content\/uploads\/2025\/07\/Reunion-strategique-des-experts-de-la-CEMAC-1.jpg 1177w\" sizes=\"(max-width: 1024px) 100vw, 1024px\" \/><\/figure>\n\n\n\n<p><strong>Du 07 au 11 juillet 2025, Ndjamena, la capitale du Tchad, accueille des experts douaniers des six pays membres de la CEMAC pour une r\u00e9union strat\u00e9gique.<\/strong><\/p>\n\n\n\n<p>&nbsp;Inaugur\u00e9e par Monsieur Djasngar Ngartigal Sannagar, cette rencontre vise \u00e0 aborder des questions cruciales li\u00e9es \u00e0 la Valeur, \u00e0 la Nomenclature et au Tarif. Les organisateurs ont soulign\u00e9 l&#8217;importance de cette r\u00e9union pour renforcer la mobilisation des recettes et lutter contre la fraude, tout en harmonisant l&#8217;application du Tarif Ext\u00e9rieur Commun.<\/p>\n\n\n\n<p>Monsieur Sannagar a appel\u00e9 les d\u00e9l\u00e9gu\u00e9s \u00e0 mener les discussions avec s\u00e9rieux, afin de promouvoir une action douani\u00e8re int\u00e9gr\u00e9e et transparente. MM. Anguissa Jean Claude (DGD9), ATANGANA NGOA Thierry et DJIDJIOUA MAIWA Christian (DGD3) repr\u00e9sentent les Douanes Camerounaises \u00e0 cette r\u00e9union strat\u00e9gique.<\/p>\n","protected":false},"excerpt":{"rendered":"<p>Du 07 au 11 juillet 2025, Ndjamena, la capitale du Tchad, accueille des experts douaniers des six pays membres de la CEMAC pour une r\u00e9union strat\u00e9gique. &nbsp;Inaugur\u00e9e par Monsieur Djasngar Ngartigal Sannagar, cette rencontre vise \u00e0 aborder des questions cruciales li\u00e9es \u00e0 la Valeur, \u00e0 la Nomenclature et au Tarif. Les organisateurs ont soulign\u00e9 l&#8217;importance [&hellip;]<\/p>\n","protected":false},"author":17,"featured_media":7918,"comment_status":"open","ping_status":"open","sticky":false,"template":"","format":"standard","meta":[],"categories":[4,89,223,5,217],"tags":[],"_links":{"self":[{"href":"http:\/\/www.douanes.cm\/douanes-cameroun\/wp-json\/wp\/v2\/posts\/7917"}],"collection":[{"href":"http:\/\/www.douanes.cm\/douanes-cameroun\/wp-json\/wp\/v2\/posts"}],"about":[{"href":"http:\/\/www.douanes.cm\/douanes-cameroun\/wp-json\/wp\/v2\/types\/post"}],"author":[{"embeddable":true,"href":"http:\/\/www.douanes.cm\/douanes-cameroun\/wp-json\/wp\/v2\/users\/17"}],"replies":[{"embeddable":true,"href":"http:\/\/www.douanes.cm\/douanes-cameroun\/wp-json\/wp\/v2\/comments?post=7917"}],"version-history":[{"count":2,"href":"http:\/\/www.douanes.cm\/douanes-cameroun\/wp-json\/wp\/v2\/posts\/7917\/revisions"}],"predecessor-version":[{"id":7922,"href":"http:\/\/www.douanes.cm\/douanes-cameroun\/wp-json\/wp\/v2\/posts\/7917\/revisions\/7922"}],"wp:featuredmedia":[{"embeddable":true,"href":"http:\/\/www.douanes.cm\/douanes-cameroun\/wp-json\/wp\/v2\/media\/7918"}],"wp:attachment":[{"href":"http:\/\/www.douanes.cm\/douanes-cameroun\/wp-json\/wp\/v2\/media?parent=7917"}],"wp:term":[{"taxonomy":"category","embeddable":true,"href":"http:\/\/www.douanes.cm\/douanes-cameroun\/wp-json\/wp\/v2\/categories?post=7917"},{"taxonomy":"post_tag","embeddable":true,"href":"http:\/\/www.douanes.cm\/douanes-cameroun\/wp-json\/wp\/v2\/tags?post=7917"}],"curies":[{"name":"wp","href":"https:\/\/api.w.org\/{rel}","templated":true}]}}