{"id":7889,"date":"2025-06-05T07:58:57","date_gmt":"2025-06-05T07:58:57","guid":{"rendered":"https:\/\/www.douanes.cm\/douanes-cameroun\/?p=7889"},"modified":"2025-06-05T07:58:59","modified_gmt":"2025-06-05T07:58:59","slug":"ape-cameroun-union-europeenne-la-scene-panoramique","status":"publish","type":"post","link":"http:\/\/www.douanes.cm\/douanes-cameroun\/7889\/ape-cameroun-union-europeenne-la-scene-panoramique\/","title":{"rendered":"APE Cameroun-Union Europ\u00e9enne\u00a0: La sc\u00e8ne panoramique"},"content":{"rendered":"\n<figure class=\"wp-block-image size-full\"><img loading=\"lazy\" width=\"763\" height=\"507\" src=\"https:\/\/www.douanes.cm\/douanes-cameroun\/wp-content\/uploads\/2025\/06\/9e-reunion-statutaire-du-Comite-de-lAPE-Cameroun-Union-europeenne.jpg\" alt=\"\" class=\"wp-image-7890\" title=\"La 9\u00e8me session du comit\u00e9 APE Cameroun - Union Europ\u00e9enne\" srcset=\"http:\/\/www.douanes.cm\/douanes-cameroun\/wp-content\/uploads\/2025\/06\/9e-reunion-statutaire-du-Comite-de-lAPE-Cameroun-Union-europeenne.jpg 763w, http:\/\/www.douanes.cm\/douanes-cameroun\/wp-content\/uploads\/2025\/06\/9e-reunion-statutaire-du-Comite-de-lAPE-Cameroun-Union-europeenne-300x199.jpg 300w\" sizes=\"(max-width: 763px) 100vw, 763px\" \/><figcaption>La 9\u00e8me session du comit\u00e9 APE Cameroun &#8211; Union Europ\u00e9enne<\/figcaption><\/figure>\n\n\n\n<p>La 9\u00e8me session du comit\u00e9 APE Cameroun &#8211; Union Europ\u00e9enne s&#8217;est ouverte ce matin (04\/06\/2025) \u00e0 l&#8217;H\u00f4tel Hilton de Yaound\u00e9. Pendant deux jours, les participants feront le point sur la coop\u00e9ration pr\u00e9f\u00e9rentielle entre le Cameroun et l&#8217;Union Europ\u00e9enne.<\/p>\n\n\n\n<p>Le paysage commercial entre le Cameroun et l&#8217;Union Europ\u00e9enne est dynamique. Cela ressort clairement des interventions liminaires des chefs des d\u00e9l\u00e9gations autour de la table. Ils ont lou\u00e9 un patrimoine historique aux perspectives mutuellement b\u00e9n\u00e9fiques. Les parties europ\u00e9enne et camerounaise sont ensuite pass\u00e9es aux pr\u00e9sentations. Parmi les structures nationales invit\u00e9es \u00e0 ces assises strat\u00e9giques, la Direction G\u00e9n\u00e9rale des Douanes est hautement conduite par Monsieur FONGOD Edwin NUVAGA, Directeur G\u00e9n\u00e9ral des Douanes. Il est accompagn\u00e9 de Messieurs TCHAMI Yves Patrick (L\u00e9gislation) et HAMADJAM Rapha\u00ebl (Statistiques).<\/p>\n\n\n\n<p>Dans le feu de l&#8217;action, un ordre du jour colossal a \u00e9t\u00e9 adopt\u00e9. Les deux parties ont tout d&#8217;abord proc\u00e9d\u00e9 \u00e0 une \u00e9valuation de la mise en \u0153uvre des conclusions et recommandations de la pr\u00e9c\u00e9dente session du comit\u00e9 APE Cameroun &#8211; Union Europ\u00e9enne tenue \u00e0 Bruxelles en Belgique les 24 et 25 septembre 2024. Ensuite, les participants ont abord\u00e9 plusieurs segments de la dimension commerciale de l&#8217;APE Cameroun &#8211; Union Europ\u00e9enne. L&#8217;un des segments porte sur le bilan douanier du d\u00e9mant\u00e8lement tarifaire au Cameroun au 31 mai 2025.<\/p>\n\n\n\n<p>Le partenariat pour le d\u00e9veloppement attirera l&#8217;attention pendant les travaux. Les participants vont principalement axer leurs \u00e9nergies sur l&#8217;\u00e9tat de la mise en \u0153uvre des engagements du Titre II de l&#8217;APE Cameroun &#8211; Union Europ\u00e9enne. Accessoirement, un point sera fait sur les discussions relatives au soutien des r\u00e9formes fiscales.<\/p>\n\n\n\n<p>Les deux parties aborderont d&#8217;autres questions techniques :<\/p>\n\n\n\n<ul><li>La pr\u00e9paration de la conf\u00e9rence minist\u00e9rielle de l&#8217;OMC pr\u00e9vue au Cameroun du 26 au 29 mars 2026 ;<\/li><li>Les r\u00e9flexions sur certaines dispositions de l&#8217;APE Cameroun &#8211; Union Europ\u00e9enne ;<\/li><li>Les r\u00e9flexions pour la conclusion d&#8217;un Accord sur la Facilitation des Investissements Durables (AFID) entre le Cameroun et l&#8217;Union Europ\u00e9enne ;<\/li><li>L&#8217;\u00e9tat des lieux des activit\u00e9s de communication et de vulgarisation de l&#8217;APE Cameroun &#8211; Union Europ\u00e9enne ;<\/li><li>L&#8217;op\u00e9rationnalisation et le fonctionnement du sous-comit\u00e9 APE sur l&#8217;agriculture et le d\u00e9veloppement rural suite \u00e0 la signature de la D\u00e9cision N\u00b01\/2023 du comit\u00e9 APE.<\/li><\/ul>\n\n\n\n<p>L&#8217;examen du relev\u00e9 des conclusions et recommandations de cette 9\u00e8me session du comit\u00e9 APE Cameroun &#8211; Union Europ\u00e9enne pr\u00e9c\u00e8dera la signature des documents par les deux parties. Et ce sera le clap de fin des travaux.<\/p>\n","protected":false},"excerpt":{"rendered":"<p>La 9\u00e8me session du comit\u00e9 APE Cameroun &#8211; Union Europ\u00e9enne s&#8217;est ouverte ce matin (04\/06\/2025) \u00e0 l&#8217;H\u00f4tel Hilton de Yaound\u00e9. Pendant deux jours, les participants feront le point sur la coop\u00e9ration pr\u00e9f\u00e9rentielle entre le Cameroun et l&#8217;Union Europ\u00e9enne. <\/p>\n","protected":false},"author":17,"featured_media":7890,"comment_status":"open","ping_status":"open","sticky":true,"template":"","format":"standard","meta":[],"categories":[4,2,3,5,217],"tags":[310],"_links":{"self":[{"href":"http:\/\/www.douanes.cm\/douanes-cameroun\/wp-json\/wp\/v2\/posts\/7889"}],"collection":[{"href":"http:\/\/www.douanes.cm\/douanes-cameroun\/wp-json\/wp\/v2\/posts"}],"about":[{"href":"http:\/\/www.douanes.cm\/douanes-cameroun\/wp-json\/wp\/v2\/types\/post"}],"author":[{"embeddable":true,"href":"http:\/\/www.douanes.cm\/douanes-cameroun\/wp-json\/wp\/v2\/users\/17"}],"replies":[{"embeddable":true,"href":"http:\/\/www.douanes.cm\/douanes-cameroun\/wp-json\/wp\/v2\/comments?post=7889"}],"version-history":[{"count":1,"href":"http:\/\/www.douanes.cm\/douanes-cameroun\/wp-json\/wp\/v2\/posts\/7889\/revisions"}],"predecessor-version":[{"id":7891,"href":"http:\/\/www.douanes.cm\/douanes-cameroun\/wp-json\/wp\/v2\/posts\/7889\/revisions\/7891"}],"wp:featuredmedia":[{"embeddable":true,"href":"http:\/\/www.douanes.cm\/douanes-cameroun\/wp-json\/wp\/v2\/media\/7890"}],"wp:attachment":[{"href":"http:\/\/www.douanes.cm\/douanes-cameroun\/wp-json\/wp\/v2\/media?parent=7889"}],"wp:term":[{"taxonomy":"category","embeddable":true,"href":"http:\/\/www.douanes.cm\/douanes-cameroun\/wp-json\/wp\/v2\/categories?post=7889"},{"taxonomy":"post_tag","embeddable":true,"href":"http:\/\/www.douanes.cm\/douanes-cameroun\/wp-json\/wp\/v2\/tags?post=7889"}],"curies":[{"name":"wp","href":"https:\/\/api.w.org\/{rel}","templated":true}]}}