{"id":7875,"date":"2025-05-28T14:13:50","date_gmt":"2025-05-28T14:13:50","guid":{"rendered":"https:\/\/www.douanes.cm\/douanes-cameroun\/?p=7875"},"modified":"2025-05-28T14:13:52","modified_gmt":"2025-05-28T14:13:52","slug":"excellence-academique-deux-douaniers-fondation-pour-les-etudes-et-recherches-sur-le-developpement-international-ferdi","status":"publish","type":"post","link":"http:\/\/www.douanes.cm\/douanes-cameroun\/7875\/excellence-academique-deux-douaniers-fondation-pour-les-etudes-et-recherches-sur-le-developpement-international-ferdi\/","title":{"rendered":"Excellence Acad\u00e9mique\u00a0: Deux Douaniers Fondation pour les Etudes et Recherches sur le D\u00e9veloppement International (FERDI)"},"content":{"rendered":"\n<figure class=\"wp-block-image size-full is-resized\"><img loading=\"lazy\" src=\"https:\/\/www.douanes.cm\/douanes-cameroun\/wp-content\/uploads\/2025\/05\/Certificat-de-reussite-douaniers.png\" alt=\"\" class=\"wp-image-7876\" width=\"505\" height=\"356\"\/><figcaption>certificat de r\u00e9ussite de formation en ligne sur le th\u00e8me : \u00ab\u00a0Initiation au domaine de l&#8217;analyse g\u00e9ospatiale pour une gestion coordonn\u00e9e des fronti\u00e8res\u00a0\u00bb.<\/figcaption><\/figure>\n\n\n\n<p>Le Commandant des Douanes ANONG AROGA Sandra et l&#8217;Adjudant Principal des Douanes VOUNDI II Jean-Philippe ont re\u00e7u hier (26\/05\/2025), leur certificat de r\u00e9ussite de formation en ligne sur le th\u00e8me : \u00ab&nbsp;Initiation au domaine de l&#8217;analyse g\u00e9ospatiale pour une gestion coordonn\u00e9e des fronti\u00e8res&nbsp;\u00bb.<\/p>\n\n\n\n<p>La formation \u00e9tait organis\u00e9e par la Fondation pour les Etudes et Recherches sur le D\u00e9veloppement International (FERDI). Les certificats de r\u00e9ussite ont \u00e9t\u00e9 sign\u00e9s et transmis par Bruno CABRILLAC, Directeur G\u00e9n\u00e9ral de la FERDI.<\/p>\n\n\n\n<p>Intitul\u00e9e \u00ab&nbsp;Initiation au domaine de l\u2019analyse g\u00e9ospatiale pour une gestion coordonn\u00e9e des fronti\u00e8res&nbsp;\u00bb, cette formation en ligne visait \u00e0 : renforcer les capacit\u00e9s des agents des forces de s\u00e9curit\u00e9 en mati\u00e8re d\u2019analyse g\u00e9ospatiale ; am\u00e9liorer la gestion coordonn\u00e9e des fronti\u00e8res. Les objectifs sp\u00e9cifiques \u00e9taient :<\/p>\n\n\n\n<p>&#8211; Am\u00e9liorer la compr\u00e9hension des donn\u00e9es g\u00e9olocalis\u00e9es ;<\/p>\n\n\n\n<p>&#8211; Familiariser les participants avec les concepts fondamentaux des donn\u00e9es g\u00e9ospatiales ;<\/p>\n\n\n\n<p>&#8211; Ma\u00eetriser les outils SIG (Syst\u00e8mes d&#8217;Information<\/p>\n\n\n\n<p>G\u00e9ographique) ;<\/p>\n\n\n\n<p>&#8211; Initier \u00e0 l\u2019utilisation des SIG, notamment le logiciel open-source QGIS, pour la manipulation et l\u2019analyse de donn\u00e9es spatiales ;<\/p>\n\n\n\n<p>&#8211; Appliquer les comp\u00e9tences acquises \u00e0 des cas concrets li\u00e9s \u00e0 la gestion des fronti\u00e8res, tels que la d\u00e9tection des zones de contrebande ou l\u2019optimisation des op\u00e9rations de surveillance.<\/p>\n\n\n\n<p>En ce qui concerne le contenu de la formation, celle-ci \u00e9tait adoss\u00e9e sur des modules th\u00e9oriques et pratiques. Elle avait une alternance de sessions th\u00e9oriques pour comprendre les concepts cl\u00e9s et d\u2019ateliers pratiques pour l\u2019application des outils SIG. La formation \u00e9tait aussi habill\u00e9e par des \u00e9tudes de cas (analyse des situations r\u00e9elles pour illustrer l\u2019utilisation des donn\u00e9es g\u00e9ospatiales dans la gestion des fronti\u00e8res) et des sessions interactives avec des sp\u00e9cialistes du domaine pour approfondir les connaissances et partager des exp\u00e9riences.<\/p>\n\n\n\n<p>La formation s\u2019adresse principalement aux agents des forces de s\u00e9curit\u00e9 impliqu\u00e9s dans la gestion des fronti\u00e8res, tels que les douaniers, les policiers et les militaires. La formation s&#8217;est d\u00e9roul\u00e9e sur plusieurs semaines, avec des sessions planifi\u00e9es pour permettre une assimilation progressive des connaissances. Les sessions combinaient des pr\u00e9sentations en salle, des ateliers pratiques et des discussions interactives. La formation \u00e9tait dispens\u00e9e en fran\u00e7ais.<\/p>\n\n\n\n<p>Initiative de la Fondation pour les \u00c9tudes et Recherches sur le D\u00e9veloppement International (Ferdi), la formation en ligne b\u00e9n\u00e9ficie du soutien de l\u2019Organisation Mondiale des Douanes, de Num\u00e9ricit\u00e9, de G\u00e9o212, ainsi que des administrations fiscales et douani\u00e8res de plusieurs pays africains.<\/p>\n\n\n\n<p>En int\u00e9grant cette formation, les participants acqui\u00e8rent des comp\u00e9tences essentielles pour une gestion efficace et coordonn\u00e9e des fronti\u00e8res, en tirant parti des technologies g\u00e9ospatiales modernes.<\/p>\n","protected":false},"excerpt":{"rendered":"<p>Le Commandant des Douanes ANONG AROGA Sandra et l&#8217;Adjudant Principal des Douanes VOUNDI II Jean-Philippe ont re\u00e7u hier (26\/05\/2025), leur certificat de r\u00e9ussite de formation en ligne sur le th\u00e8me : \u00ab&nbsp;Initiation au domaine de l&#8217;analyse g\u00e9ospatiale pour une gestion coordonn\u00e9e des fronti\u00e8res&nbsp;\u00bb. La formation \u00e9tait organis\u00e9e par la Fondation pour les Etudes et Recherches [&hellip;]<\/p>\n","protected":false},"author":17,"featured_media":7876,"comment_status":"open","ping_status":"open","sticky":true,"template":"","format":"standard","meta":[],"categories":[4,5,217],"tags":[293,292,291,290],"_links":{"self":[{"href":"http:\/\/www.douanes.cm\/douanes-cameroun\/wp-json\/wp\/v2\/posts\/7875"}],"collection":[{"href":"http:\/\/www.douanes.cm\/douanes-cameroun\/wp-json\/wp\/v2\/posts"}],"about":[{"href":"http:\/\/www.douanes.cm\/douanes-cameroun\/wp-json\/wp\/v2\/types\/post"}],"author":[{"embeddable":true,"href":"http:\/\/www.douanes.cm\/douanes-cameroun\/wp-json\/wp\/v2\/users\/17"}],"replies":[{"embeddable":true,"href":"http:\/\/www.douanes.cm\/douanes-cameroun\/wp-json\/wp\/v2\/comments?post=7875"}],"version-history":[{"count":1,"href":"http:\/\/www.douanes.cm\/douanes-cameroun\/wp-json\/wp\/v2\/posts\/7875\/revisions"}],"predecessor-version":[{"id":7877,"href":"http:\/\/www.douanes.cm\/douanes-cameroun\/wp-json\/wp\/v2\/posts\/7875\/revisions\/7877"}],"wp:featuredmedia":[{"embeddable":true,"href":"http:\/\/www.douanes.cm\/douanes-cameroun\/wp-json\/wp\/v2\/media\/7876"}],"wp:attachment":[{"href":"http:\/\/www.douanes.cm\/douanes-cameroun\/wp-json\/wp\/v2\/media?parent=7875"}],"wp:term":[{"taxonomy":"category","embeddable":true,"href":"http:\/\/www.douanes.cm\/douanes-cameroun\/wp-json\/wp\/v2\/categories?post=7875"},{"taxonomy":"post_tag","embeddable":true,"href":"http:\/\/www.douanes.cm\/douanes-cameroun\/wp-json\/wp\/v2\/tags?post=7875"}],"curies":[{"name":"wp","href":"https:\/\/api.w.org\/{rel}","templated":true}]}}