{"id":7843,"date":"2025-05-16T14:43:15","date_gmt":"2025-05-16T14:43:15","guid":{"rendered":"https:\/\/www.douanes.cm\/douanes-cameroun\/?p=7843"},"modified":"2025-05-16T14:43:17","modified_gmt":"2025-05-16T14:43:17","slug":"53eme-edition-de-la-fete-nationale-de-lunite-le-theme-est-connu","status":"publish","type":"post","link":"http:\/\/www.douanes.cm\/douanes-cameroun\/7843\/53eme-edition-de-la-fete-nationale-de-lunite-le-theme-est-connu\/","title":{"rendered":"53\u00e8me Edition de la F\u00eate Nationale de l&#8217;Unit\u00e9 :   Le th\u00e8me est connu"},"content":{"rendered":"\n<p>\u00ab&nbsp;Arm\u00e9e et Nation Unies pour un Cameroun tourn\u00e9 vers la paix et la prosp\u00e9rit\u00e9&nbsp;\u00bb, tel est le th\u00e8me de la 53<sup>e<\/sup> \u00e9dition de la F\u00eate Nationale de l\u2019Unit\u00e9. En anglais : \u00ab&nbsp;Army and the nation united for a cameroon turned towards peace and prosperity&nbsp;\u00bb.<\/p>\n\n\n\n<p>Les activit\u00e9s pr\u00e9paratoires se tiennent actuellement au Boulevard du 20 mai. Activit\u00e9s marqu\u00e9es par la pr\u00e9sence de Monsieur le Directeur G\u00e9n\u00e9ral des Douanes.<\/p>\n\n\n\n<figure class=\"wp-container-2 wp-block-gallery-1 wp-block-gallery has-nested-images columns-default is-cropped\">\n<figure class=\"wp-block-image size-large\"><img loading=\"lazy\" width=\"1024\" height=\"1024\" data-id=\"7844\"  src=\"https:\/\/www.douanes.cm\/douanes-cameroun\/wp-content\/uploads\/2025\/05\/Fete-de-lUnite-Nationale-1024x1024.png\" alt=\"\" class=\"wp-image-7844\" srcset=\"http:\/\/www.douanes.cm\/douanes-cameroun\/wp-content\/uploads\/2025\/05\/Fete-de-lUnite-Nationale-1024x1024.png 1024w, http:\/\/www.douanes.cm\/douanes-cameroun\/wp-content\/uploads\/2025\/05\/Fete-de-lUnite-Nationale-300x300.png 300w, http:\/\/www.douanes.cm\/douanes-cameroun\/wp-content\/uploads\/2025\/05\/Fete-de-lUnite-Nationale-150x150.png 150w, http:\/\/www.douanes.cm\/douanes-cameroun\/wp-content\/uploads\/2025\/05\/Fete-de-lUnite-Nationale-768x768.png 768w, http:\/\/www.douanes.cm\/douanes-cameroun\/wp-content\/uploads\/2025\/05\/Fete-de-lUnite-Nationale-170x170.png 170w, http:\/\/www.douanes.cm\/douanes-cameroun\/wp-content\/uploads\/2025\/05\/Fete-de-lUnite-Nationale-100x100.png 100w, http:\/\/www.douanes.cm\/douanes-cameroun\/wp-content\/uploads\/2025\/05\/Fete-de-lUnite-Nationale-270x270.png 270w, http:\/\/www.douanes.cm\/douanes-cameroun\/wp-content\/uploads\/2025\/05\/Fete-de-lUnite-Nationale-110x110.png 110w, http:\/\/www.douanes.cm\/douanes-cameroun\/wp-content\/uploads\/2025\/05\/Fete-de-lUnite-Nationale.png 1200w\" sizes=\"(max-width: 1024px) 100vw, 1024px\" \/><\/figure>\n<\/figure>\n","protected":false},"excerpt":{"rendered":"<p>\u00ab&nbsp;Arm\u00e9e et Nation Unies pour un Cameroun tourn\u00e9 vers la paix et la prosp\u00e9rit\u00e9&nbsp;\u00bb, tel est le th\u00e8me de la 53e \u00e9dition de la F\u00eate Nationale de l\u2019Unit\u00e9. En anglais : \u00ab&nbsp;Army and the nation united for a cameroon turned towards peace and prosperity&nbsp;\u00bb. Les activit\u00e9s pr\u00e9paratoires se tiennent actuellement au Boulevard du 20 mai. [&hellip;]<\/p>\n","protected":false},"author":17,"featured_media":7844,"comment_status":"open","ping_status":"open","sticky":false,"template":"","format":"standard","meta":[],"categories":[4,2,3,5],"tags":[281],"_links":{"self":[{"href":"http:\/\/www.douanes.cm\/douanes-cameroun\/wp-json\/wp\/v2\/posts\/7843"}],"collection":[{"href":"http:\/\/www.douanes.cm\/douanes-cameroun\/wp-json\/wp\/v2\/posts"}],"about":[{"href":"http:\/\/www.douanes.cm\/douanes-cameroun\/wp-json\/wp\/v2\/types\/post"}],"author":[{"embeddable":true,"href":"http:\/\/www.douanes.cm\/douanes-cameroun\/wp-json\/wp\/v2\/users\/17"}],"replies":[{"embeddable":true,"href":"http:\/\/www.douanes.cm\/douanes-cameroun\/wp-json\/wp\/v2\/comments?post=7843"}],"version-history":[{"count":1,"href":"http:\/\/www.douanes.cm\/douanes-cameroun\/wp-json\/wp\/v2\/posts\/7843\/revisions"}],"predecessor-version":[{"id":7845,"href":"http:\/\/www.douanes.cm\/douanes-cameroun\/wp-json\/wp\/v2\/posts\/7843\/revisions\/7845"}],"wp:featuredmedia":[{"embeddable":true,"href":"http:\/\/www.douanes.cm\/douanes-cameroun\/wp-json\/wp\/v2\/media\/7844"}],"wp:attachment":[{"href":"http:\/\/www.douanes.cm\/douanes-cameroun\/wp-json\/wp\/v2\/media?parent=7843"}],"wp:term":[{"taxonomy":"category","embeddable":true,"href":"http:\/\/www.douanes.cm\/douanes-cameroun\/wp-json\/wp\/v2\/categories?post=7843"},{"taxonomy":"post_tag","embeddable":true,"href":"http:\/\/www.douanes.cm\/douanes-cameroun\/wp-json\/wp\/v2\/tags?post=7843"}],"curies":[{"name":"wp","href":"https:\/\/api.w.org\/{rel}","templated":true}]}}