{"id":7787,"date":"2025-01-30T17:30:21","date_gmt":"2025-01-30T17:30:21","guid":{"rendered":"https:\/\/www.douanes.cm\/douanes-cameroun\/?p=7787"},"modified":"2025-01-30T17:30:23","modified_gmt":"2025-01-30T17:30:23","slug":"evenementiel","status":"publish","type":"post","link":"http:\/\/www.douanes.cm\/douanes-cameroun\/7787\/evenementiel\/","title":{"rendered":"<strong>EVENEMENTIEL<\/strong>"},"content":{"rendered":"\n<figure class=\"wp-block-image size-large\"><img loading=\"lazy\" width=\"1024\" height=\"768\" src=\"https:\/\/www.douanes.cm\/douanes-cameroun\/wp-content\/uploads\/2025\/01\/MINFI1-1-1024x768.jpg\" alt=\"\" class=\"wp-image-7798\" srcset=\"http:\/\/www.douanes.cm\/douanes-cameroun\/wp-content\/uploads\/2025\/01\/MINFI1-1-1024x768.jpg 1024w, http:\/\/www.douanes.cm\/douanes-cameroun\/wp-content\/uploads\/2025\/01\/MINFI1-1-300x225.jpg 300w, http:\/\/www.douanes.cm\/douanes-cameroun\/wp-content\/uploads\/2025\/01\/MINFI1-1-768x576.jpg 768w, http:\/\/www.douanes.cm\/douanes-cameroun\/wp-content\/uploads\/2025\/01\/MINFI1-1.jpg 1280w\" sizes=\"(max-width: 1024px) 100vw, 1024px\" \/><\/figure>\n\n\n\n<p><strong>La JID 2025 est lanc\u00e9e.<\/strong><\/p>\n\n\n\n<p><strong><em>Monsieur le Ministre des Finances, Louis Paul MOTAZE,\u00a0 a pr\u00e9sid\u00e9 le lundi 20\u00a0 Janvier 2025 la c\u00e9r\u00e9monie de lancement de la 72\u00e8me \u00c9dition de la Journ\u00e9e Internationale de la Douane plac\u00e9e sous le th\u00e8me\u00a0: \u00ab\u00a0Une Douane qui concr\u00e9tise ses engagements en mati\u00e8re d\u2019efficacit\u00e9, de s\u00e9curit\u00e9 et de prosp\u00e9rit\u00e9.\u00a0\u00bb. L&#8217;\u00e9v\u00e9nement qui avait pour cadre la Place de F\u00eates de Garoua,\u00a0 a mobilis\u00e9 une belle ribambelle d&#8217;autorit\u00e9s, les populations et de nombreux groupes de danses traditionnelles. <\/em><\/strong><\/p>\n\n\n\n<p>Les tribunes de la Place des F\u00eates \u00e9taient bond\u00e9es de personnalit\u00e9s et d&#8217;invit\u00e9s sp\u00e9ciaux. Leurs abords \u00e9taient occup\u00e9s par des groupes de danses, des populations massivement pr\u00e9sentes \u00e0 cette s\u00e9quence solennelle. La c\u00e9r\u00e9monie de lancement \u00e9tait pr\u00e9sid\u00e9e par Monsieur le Ministre des Finances, Louis Paul MOTAZE.<\/p>\n\n\n\n<p>Dans sa prise de parole princi\u00e8re, la repr\u00e9sentante du Maire de la Ville de Garoua a souhait\u00e9 la bienvenue au pr\u00e9sidium et \u00e0 tous les participants. Elle a exprim\u00e9 la joie des populations de Garoua d&#8217;accueillir la c\u00e9r\u00e9monie de lancement des manifestations marquant la c\u00e9l\u00e9bration de la Journ\u00e9e Internationale de la Douane 2025.<\/p>\n\n\n\n<p>Monsieur le Directeur G\u00e9n\u00e9ral des Douanes, FONGOD Edwin NUVAGA, a, pour sa part, donn\u00e9 les raisons qui ont pr\u00e9sid\u00e9 au choix de la ville de Garoua pour abriter la pr\u00e9sente c\u00e9r\u00e9monie. Il a \u00e9galement mis en relief les contributions significatives du Secteur des Douanes du Nord dans les domaines de la mobilisation des recettes publiques, la s\u00e9curit\u00e9 et la prosp\u00e9rit\u00e9. Il a termin\u00e9 son adresse en posant les jalons de quelques actions fortes. Extrait&nbsp;: \u00ab&nbsp;La ville de Garoua, capitale r\u00e9gionale du Nord, se dresse aujourd\u2019hui comme le th\u00e9\u00e2tre choisi pour le lancement des c\u00e9l\u00e9brations de la Journ\u00e9e Internationale de la Douane, \u00e9dition 2025. Ce choix, bien qu\u2019inscrit dans une logique de rotation \u00e9tablie, repose sur quatre piliers majeurs, chacun symbolisant les valeurs et ambitions de notre Administration Douani\u00e8re : <strong>l\u2019efficacit\u00e9, la s\u00e9curit\u00e9, l\u2019innovation et la prosp\u00e9rit\u00e9<\/strong>.<\/p>\n\n\n\n<p>Au sujet de <strong>l\u2019efficacit\u00e9<\/strong>, le Secteur des Douanes du Nord s\u2019illustre par une performance budg\u00e9taire remarquable, traduisant une dynamique de progr\u00e8s constant. Entre 2020 et 2024, les recettes douani\u00e8res ont grimp\u00e9 de 4 milliards 449 millions \u00e0 7 milliards 137 millions 771 mille 726 FCFA, soit une hausse de plus de 3 milliards de FCFA. Ce r\u00e9sultat n\u2019est pas le fruit du hasard. Il d\u00e9coule de r\u00e9formes structurantes telles que CAMCIS et COSMOS, d\u2019une mobilisation exemplaire des personnels, d\u2019un accompagnement d\u00e9terminant des autorit\u00e9s locales et du civisme fiscal des op\u00e9rateurs \u00e9conomiques. L\u2019ambition d\u2019atteindre 10 milliards de recettes en 2025 t\u00e9moigne de l\u2019engagement collectif \u00e0 aller toujours plus loin. \u00c0 cet effet, je tiens \u00e0 saluer l\u2019implication remarquable de Monsieur Raymond TOUAGAI, Chef du Secteur des Douanes du Nord, ainsi que de ses \u00e9quipes, dont l\u2019abn\u00e9gation continue \u00e0 \u00e9crire les lettres de noblesse de notre administration.<\/p>\n\n\n\n<p>La contribution des Douanes \u00e0 la <strong>s\u00e9curit\u00e9 nationale<\/strong> n\u2019est plus \u00e0 d\u00e9montrer. L\u2019une des illustrations les plus \u00e9loquentes demeure la saisie historique de 200 charges explosives improvis\u00e9es \u00e0 Pak\u00e9t\u00e9 en 2020, un fait qui a marqu\u00e9 l\u2019int\u00e9gration de notre administration au sein de la communaut\u00e9 nationale de d\u00e9fense et de s\u00e9curit\u00e9. Cette synergie exemplaire entre les Douanes et les Forces de D\u00e9fense m\u00e9rite une reconnaissance renouvel\u00e9e envers Son Excellence Paul BIYA, Pr\u00e9sident de la R\u00e9publique et Chef des Arm\u00e9es, pour sa vision \u00e9clair\u00e9e et son soutien ind\u00e9fectible. Sur le terrain, l\u2019Op\u00e9ration HALCOMI III et les actions conjointes men\u00e9es sur les plans d\u2019eau comme sur les voies terrestres traduisent une collaboration efficace pour la pr\u00e9servation de la paix et de la s\u00e9curit\u00e9, contribuant ainsi \u00e0 la stabilit\u00e9 de notre pays.<\/p>\n\n\n\n<p>Garoua incarne \u00e9galement <strong>le laboratoire d\u2019exp\u00e9rimentations douani\u00e8res innovantes. <\/strong>La proc\u00e9dure CIVIC, facilitant le d\u00e9douanement des v\u00e9hicules import\u00e9s, ou encore les dispositifs de transfert transfrontalier des marchandises avec nos voisins imm\u00e9diats, t\u00e9moignent d\u2019une volont\u00e9 constante d\u2019adaptation et d\u2019am\u00e9lioration. La r\u00e9cente cr\u00e9ation de l\u2019antenne des Douanes Centrafricaines au sein du Bureau Principal des Douanes Hors Classe de Gashiga refl\u00e8te cette dynamique. Ce projet, troisi\u00e8me du genre apr\u00e8s Douala et Kribi, symbolise une Douane proactive, soucieuse d\u2019accompagner les flux commerciaux dans un cadre structur\u00e9 et s\u00e9curis\u00e9.<\/p>\n\n\n\n<p><strong>Enfin, en lien avec la prosp\u00e9rit\u00e9,<\/strong> le Secteur des Douanes du Nord se distingue par son r\u00f4le actif dans la promotion de politiques publiques essentielles, telles que l\u2019import-substitution et la transformation structurelle de l\u2019\u00e9conomie. Gr\u00e2ce \u00e0 des r\u00e9gimes \u00e9conomiques attractifs, des entreprises comme CIMENCAM et SODECOTON b\u00e9n\u00e9ficient de conditions favorables pour leur d\u00e9veloppement, renfor\u00e7ant ainsi la cr\u00e9ation d\u2019emplois et de richesses. Parall\u00e8lement, la lutte acharn\u00e9e contre les pratiques frauduleuses et la contrebande garantit un environnement \u00e9conomique plus sain, o\u00f9 le march\u00e9 appartient aux op\u00e9rateurs respectueux des lois. Ces efforts ne se limitent pas \u00e0 des actions coercitives, mais s\u2019\u00e9tendent \u00e0 des m\u00e9canismes d\u2019accompagnement et de collaboration, illustrant une approche inclusive et \u00e9quilibr\u00e9e.&nbsp;\u00bb<\/p>\n\n\n\n<p>Pour la circonstance, Monsieur le Ministre des Finances a f\u00e9licit\u00e9 la Direction G\u00e9n\u00e9rale des Douanes, en g\u00e9n\u00e9ral, et le Secteur des Douanes du Nord, en particulier, pour les belles performances compil\u00e9es. Son Excellence Louis Paul MOTAZE a aussi salu\u00e9 la bonne collaboration qui existe entre les services des douanes, les autorit\u00e9s locales, les forces de d\u00e9fense et de s\u00e9curit\u00e9, les entreprises et les populations du Nord. Il a appel\u00e9 les &lt;&lt; cascadeurs&gt;&gt; \u00e0 retrouver les chemins du civisme fiscal en passant par les bureaux de douanes pour s&#8217;acquitter des droits et taxes des douanes. Il a indiqu\u00e9 que les recettes douani\u00e8res sont importantes pour la r\u00e9alisation des projets de d\u00e9veloppement, \u00e0 l&#8217;aune de l&#8217;op\u00e9rationnalisation effective du budget d&#8217;impulsion socio-\u00e9conomique et de la SND30. Monsieur le Ministre des Finances a clos son discours de lancement de la JID 2025 par une pens\u00e9e pieuse pour le repos des \u00e2mes de certains dignitaires de Garoua (Alim HAYATOU, Issa HAYATOU, Haman ADAMA et Alim Boukar).<\/p>\n\n\n\n<p>Le c\u00e9r\u00e9monial militaire, qui a suivi ces prises de parole, concernait le port des \u00e9paulettes et galons par 107 personnels d&#8217;active des Secteurs des Douanes de l&#8217;Adamaoua, du Nord et de l&#8217;Extr\u00eame-Nord. C&#8217;est la premi\u00e8re fois qu&#8217;un tel c\u00e9r\u00e9monial se d\u00e9roule. Habituellement, les Personnels d&#8217;active promus aux grades sup\u00e9rieurs re\u00e7oivent leurs \u00e9paulettes et galons \u00e0 la grande c\u00e9r\u00e9monie de c\u00e9l\u00e9bration de la JID. L&#8217;exception est donc faite cette ann\u00e9e pour les Personnels en service dans les 03 R\u00e9gions septentrionales du pays.<\/p>\n\n\n\n<p>Un d\u00e9fil\u00e9 militaire a boucl\u00e9 la boucle. La parade \u00e9tait conduite, de main de ma\u00eetre, par le Commandant MENDJARA \u00c9douard, Chef de la Subdivision Commerciale de Touboro.<\/p>\n\n\n\n<p>La suite des \u00e9v\u00e9nements a \u00e9t\u00e9 d\u00e9port\u00e9e \u00e0 l&#8217;esplanade du stade Roumde Adja. Les Journ\u00e9es Portes Ouvertes s&#8217;y d\u00e9roulent. Monsieur le Ministre des Finances et sa suite a pu appr\u00e9cier, ainsi que sa suite et les populations, les diverses contributions des acteurs impliqu\u00e9s dans la s\u00e9curit\u00e9, le d\u00e9veloppement \u00e9conomique, la cr\u00e9ation des richesses, la cr\u00e9ation des emplois et la stimulation de la prosp\u00e9rit\u00e9. Le Secteur des Douanes du Nord et ses partenaires sont sur site pour aussi promouvoir l&#8217;import-substitution et la transformation structurelle de l&#8217;\u00e9conomie nationale.<\/p>\n\n\n\n<p>La visite du nouveau si\u00e8ge du Secteur des Douanes du Nord est la derni\u00e8re halte protocolaire de la journ\u00e9e. Monsieur le Ministre des Finances \u00e9value le niveau d&#8217;avancement des travaux. A terme, cette infrastructure moderne participera \u00e0 l&#8217;embellissement de la ville, ainsi qu&#8217;\u00e0 l&#8217;am\u00e9lioration des conditions et du cadre de travail des gabelous. Le Secteur des Douanes du Nord est plus que jamais dans un registre historique d&#8217;efficacit\u00e9, de s\u00e9curit\u00e9 et de prosp\u00e9rit\u00e9. La JID 2025 est lanc\u00e9e.&nbsp;&nbsp;&nbsp;&nbsp;&nbsp;&nbsp;&nbsp;&nbsp;&nbsp;&nbsp;&nbsp;&nbsp;&nbsp;&nbsp;&nbsp;&nbsp;<\/p>\n\n\n\n<figure class=\"wp-container-2 wp-block-gallery-1 wp-block-gallery has-nested-images columns-default is-cropped\">\n<figure class=\"wp-block-image size-large\"><img loading=\"lazy\" width=\"1024\" height=\"576\" data-id=\"7796\"  src=\"https:\/\/www.douanes.cm\/douanes-cameroun\/wp-content\/uploads\/2025\/01\/4a7e3fd3-643e-4862-afb1-a207acbd7432-1024x576.jpg\" alt=\"\" class=\"wp-image-7796\" srcset=\"http:\/\/www.douanes.cm\/douanes-cameroun\/wp-content\/uploads\/2025\/01\/4a7e3fd3-643e-4862-afb1-a207acbd7432-1024x576.jpg 1024w, http:\/\/www.douanes.cm\/douanes-cameroun\/wp-content\/uploads\/2025\/01\/4a7e3fd3-643e-4862-afb1-a207acbd7432-300x169.jpg 300w, http:\/\/www.douanes.cm\/douanes-cameroun\/wp-content\/uploads\/2025\/01\/4a7e3fd3-643e-4862-afb1-a207acbd7432-768x432.jpg 768w, http:\/\/www.douanes.cm\/douanes-cameroun\/wp-content\/uploads\/2025\/01\/4a7e3fd3-643e-4862-afb1-a207acbd7432.jpg 1280w\" sizes=\"(max-width: 1024px) 100vw, 1024px\" \/><\/figure>\n\n\n\n<figure class=\"wp-block-image size-large\"><img loading=\"lazy\" width=\"1024\" height=\"768\" data-id=\"7791\"  src=\"https:\/\/www.douanes.cm\/douanes-cameroun\/wp-content\/uploads\/2025\/01\/32a5e68b-9795-41f4-b4a9-711fe1b96c24-1024x768.jpg\" alt=\"\" class=\"wp-image-7791\" srcset=\"http:\/\/www.douanes.cm\/douanes-cameroun\/wp-content\/uploads\/2025\/01\/32a5e68b-9795-41f4-b4a9-711fe1b96c24-1024x768.jpg 1024w, http:\/\/www.douanes.cm\/douanes-cameroun\/wp-content\/uploads\/2025\/01\/32a5e68b-9795-41f4-b4a9-711fe1b96c24-300x225.jpg 300w, http:\/\/www.douanes.cm\/douanes-cameroun\/wp-content\/uploads\/2025\/01\/32a5e68b-9795-41f4-b4a9-711fe1b96c24-768x576.jpg 768w, http:\/\/www.douanes.cm\/douanes-cameroun\/wp-content\/uploads\/2025\/01\/32a5e68b-9795-41f4-b4a9-711fe1b96c24.jpg 1280w\" sizes=\"(max-width: 1024px) 100vw, 1024px\" \/><\/figure>\n\n\n\n<figure class=\"wp-block-image size-large\"><img loading=\"lazy\" width=\"576\" height=\"1024\" data-id=\"7794\"  src=\"https:\/\/www.douanes.cm\/douanes-cameroun\/wp-content\/uploads\/2025\/01\/176e3fdf-ba78-4247-aeff-8ee1ec36c6a8-576x1024.jpg\" alt=\"\" class=\"wp-image-7794\" srcset=\"http:\/\/www.douanes.cm\/douanes-cameroun\/wp-content\/uploads\/2025\/01\/176e3fdf-ba78-4247-aeff-8ee1ec36c6a8-576x1024.jpg 576w, http:\/\/www.douanes.cm\/douanes-cameroun\/wp-content\/uploads\/2025\/01\/176e3fdf-ba78-4247-aeff-8ee1ec36c6a8-169x300.jpg 169w, http:\/\/www.douanes.cm\/douanes-cameroun\/wp-content\/uploads\/2025\/01\/176e3fdf-ba78-4247-aeff-8ee1ec36c6a8.jpg 607w\" sizes=\"(max-width: 576px) 100vw, 576px\" \/><\/figure>\n\n\n\n<figure class=\"wp-block-image size-large\"><img loading=\"lazy\" width=\"1024\" height=\"768\" data-id=\"7792\"  src=\"https:\/\/www.douanes.cm\/douanes-cameroun\/wp-content\/uploads\/2025\/01\/824bd024-0f21-48f9-ad05-935a55b1e360-1024x768.jpg\" alt=\"\" class=\"wp-image-7792\" srcset=\"http:\/\/www.douanes.cm\/douanes-cameroun\/wp-content\/uploads\/2025\/01\/824bd024-0f21-48f9-ad05-935a55b1e360-1024x768.jpg 1024w, http:\/\/www.douanes.cm\/douanes-cameroun\/wp-content\/uploads\/2025\/01\/824bd024-0f21-48f9-ad05-935a55b1e360-300x225.jpg 300w, http:\/\/www.douanes.cm\/douanes-cameroun\/wp-content\/uploads\/2025\/01\/824bd024-0f21-48f9-ad05-935a55b1e360-768x576.jpg 768w, http:\/\/www.douanes.cm\/douanes-cameroun\/wp-content\/uploads\/2025\/01\/824bd024-0f21-48f9-ad05-935a55b1e360.jpg 1280w\" sizes=\"(max-width: 1024px) 100vw, 1024px\" \/><\/figure>\n\n\n\n<figure class=\"wp-block-image size-large\"><img loading=\"lazy\" width=\"1024\" height=\"768\" data-id=\"7797\"  src=\"https:\/\/www.douanes.cm\/douanes-cameroun\/wp-content\/uploads\/2025\/01\/3957f6d8-6f20-4235-9e5e-6823fed29559-1024x768.jpg\" alt=\"\" class=\"wp-image-7797\" srcset=\"http:\/\/www.douanes.cm\/douanes-cameroun\/wp-content\/uploads\/2025\/01\/3957f6d8-6f20-4235-9e5e-6823fed29559-1024x768.jpg 1024w, http:\/\/www.douanes.cm\/douanes-cameroun\/wp-content\/uploads\/2025\/01\/3957f6d8-6f20-4235-9e5e-6823fed29559-300x225.jpg 300w, http:\/\/www.douanes.cm\/douanes-cameroun\/wp-content\/uploads\/2025\/01\/3957f6d8-6f20-4235-9e5e-6823fed29559-768x576.jpg 768w, http:\/\/www.douanes.cm\/douanes-cameroun\/wp-content\/uploads\/2025\/01\/3957f6d8-6f20-4235-9e5e-6823fed29559.jpg 1280w\" sizes=\"(max-width: 1024px) 100vw, 1024px\" \/><\/figure>\n\n\n\n<figure class=\"wp-block-image size-large\"><img loading=\"lazy\" width=\"1024\" height=\"768\" data-id=\"7795\"  src=\"https:\/\/www.douanes.cm\/douanes-cameroun\/wp-content\/uploads\/2025\/01\/6215080b-6a38-448c-acad-7bf441fb9d3f-1024x768.jpg\" alt=\"\" class=\"wp-image-7795\" srcset=\"http:\/\/www.douanes.cm\/douanes-cameroun\/wp-content\/uploads\/2025\/01\/6215080b-6a38-448c-acad-7bf441fb9d3f-1024x768.jpg 1024w, http:\/\/www.douanes.cm\/douanes-cameroun\/wp-content\/uploads\/2025\/01\/6215080b-6a38-448c-acad-7bf441fb9d3f-300x225.jpg 300w, http:\/\/www.douanes.cm\/douanes-cameroun\/wp-content\/uploads\/2025\/01\/6215080b-6a38-448c-acad-7bf441fb9d3f-768x576.jpg 768w, http:\/\/www.douanes.cm\/douanes-cameroun\/wp-content\/uploads\/2025\/01\/6215080b-6a38-448c-acad-7bf441fb9d3f.jpg 1280w\" sizes=\"(max-width: 1024px) 100vw, 1024px\" \/><\/figure>\n\n\n\n<figure class=\"wp-block-image size-large\"><img loading=\"lazy\" width=\"1024\" height=\"576\" data-id=\"7788\"  src=\"https:\/\/www.douanes.cm\/douanes-cameroun\/wp-content\/uploads\/2025\/01\/c1e73ead-7eec-4f42-b185-96ec03e0305b-1024x576.jpg\" alt=\"\" class=\"wp-image-7788\" srcset=\"http:\/\/www.douanes.cm\/douanes-cameroun\/wp-content\/uploads\/2025\/01\/c1e73ead-7eec-4f42-b185-96ec03e0305b-1024x576.jpg 1024w, http:\/\/www.douanes.cm\/douanes-cameroun\/wp-content\/uploads\/2025\/01\/c1e73ead-7eec-4f42-b185-96ec03e0305b-300x169.jpg 300w, http:\/\/www.douanes.cm\/douanes-cameroun\/wp-content\/uploads\/2025\/01\/c1e73ead-7eec-4f42-b185-96ec03e0305b-768x432.jpg 768w, http:\/\/www.douanes.cm\/douanes-cameroun\/wp-content\/uploads\/2025\/01\/c1e73ead-7eec-4f42-b185-96ec03e0305b.jpg 1280w\" sizes=\"(max-width: 1024px) 100vw, 1024px\" \/><\/figure>\n\n\n\n<figure class=\"wp-block-image size-large\"><img loading=\"lazy\" width=\"1024\" height=\"768\" data-id=\"7790\"  src=\"https:\/\/www.douanes.cm\/douanes-cameroun\/wp-content\/uploads\/2025\/01\/fb950668-960a-4f71-b140-cba9e2fbc92d-1024x768.jpg\" alt=\"\" class=\"wp-image-7790\" srcset=\"http:\/\/www.douanes.cm\/douanes-cameroun\/wp-content\/uploads\/2025\/01\/fb950668-960a-4f71-b140-cba9e2fbc92d-1024x768.jpg 1024w, http:\/\/www.douanes.cm\/douanes-cameroun\/wp-content\/uploads\/2025\/01\/fb950668-960a-4f71-b140-cba9e2fbc92d-300x225.jpg 300w, http:\/\/www.douanes.cm\/douanes-cameroun\/wp-content\/uploads\/2025\/01\/fb950668-960a-4f71-b140-cba9e2fbc92d-768x576.jpg 768w, http:\/\/www.douanes.cm\/douanes-cameroun\/wp-content\/uploads\/2025\/01\/fb950668-960a-4f71-b140-cba9e2fbc92d.jpg 1080w\" sizes=\"(max-width: 1024px) 100vw, 1024px\" \/><\/figure>\n\n\n\n<figure class=\"wp-block-image size-large\"><img loading=\"lazy\" width=\"1024\" height=\"768\" data-id=\"7789\"  src=\"https:\/\/www.douanes.cm\/douanes-cameroun\/wp-content\/uploads\/2025\/01\/fc9e6f48-3706-468c-9c19-5e88eb7b722a-1024x768.jpg\" alt=\"\" class=\"wp-image-7789\" srcset=\"http:\/\/www.douanes.cm\/douanes-cameroun\/wp-content\/uploads\/2025\/01\/fc9e6f48-3706-468c-9c19-5e88eb7b722a-1024x768.jpg 1024w, http:\/\/www.douanes.cm\/douanes-cameroun\/wp-content\/uploads\/2025\/01\/fc9e6f48-3706-468c-9c19-5e88eb7b722a-300x225.jpg 300w, http:\/\/www.douanes.cm\/douanes-cameroun\/wp-content\/uploads\/2025\/01\/fc9e6f48-3706-468c-9c19-5e88eb7b722a-768x576.jpg 768w, http:\/\/www.douanes.cm\/douanes-cameroun\/wp-content\/uploads\/2025\/01\/fc9e6f48-3706-468c-9c19-5e88eb7b722a.jpg 1280w\" sizes=\"(max-width: 1024px) 100vw, 1024px\" \/><\/figure>\n\n\n\n<figure class=\"wp-block-image size-large\"><img loading=\"lazy\" width=\"1024\" height=\"768\" data-id=\"7793\"  src=\"https:\/\/www.douanes.cm\/douanes-cameroun\/wp-content\/uploads\/2025\/01\/MINFI1-1024x768.jpg\" alt=\"\" class=\"wp-image-7793\" srcset=\"http:\/\/www.douanes.cm\/douanes-cameroun\/wp-content\/uploads\/2025\/01\/MINFI1-1024x768.jpg 1024w, http:\/\/www.douanes.cm\/douanes-cameroun\/wp-content\/uploads\/2025\/01\/MINFI1-300x225.jpg 300w, http:\/\/www.douanes.cm\/douanes-cameroun\/wp-content\/uploads\/2025\/01\/MINFI1-768x576.jpg 768w, http:\/\/www.douanes.cm\/douanes-cameroun\/wp-content\/uploads\/2025\/01\/MINFI1.jpg 1280w\" sizes=\"(max-width: 1024px) 100vw, 1024px\" \/><\/figure>\n<\/figure>\n\n\n\n<figure class=\"wp-container-4 wp-block-gallery-3 wp-block-gallery has-nested-images columns-default is-cropped\">\n<figure class=\"wp-block-image\"><img src=\"blob:https:\/\/www.douanes.cm\/325f9845-359a-4337-bb58-86c50da5654a\" alt=\"\"\/><\/figure>\n\n\n\n<figure class=\"wp-block-image\"><img src=\"blob:https:\/\/www.douanes.cm\/a32efbb8-565e-4f7e-843e-479dd86527fc\" alt=\"\"\/><\/figure>\n\n\n\n<figure class=\"wp-block-image\"><img src=\"blob:https:\/\/www.douanes.cm\/f1dcfaa8-6b6d-4daf-a0b6-3486fa5fd55b\" alt=\"\"\/><\/figure>\n\n\n\n<figure class=\"wp-block-image\"><img src=\"blob:https:\/\/www.douanes.cm\/8572bd65-b466-45b3-8265-2c6a52c7741a\" alt=\"\"\/><\/figure>\n\n\n\n<figure class=\"wp-block-image\"><img src=\"blob:https:\/\/www.douanes.cm\/04a9aebf-1076-4386-a829-d6ad23aecb66\" alt=\"\"\/><\/figure>\n\n\n\n<figure class=\"wp-block-image\"><img src=\"blob:https:\/\/www.douanes.cm\/fdca8f41-724b-4a78-a701-e5d66b249eb1\" alt=\"\"\/><\/figure>\n\n\n\n<figure class=\"wp-block-image\"><img src=\"blob:https:\/\/www.douanes.cm\/2d14e4e9-f203-403f-b05a-5b11fb0b08a4\" alt=\"\"\/><\/figure>\n\n\n\n<figure class=\"wp-block-image\"><img src=\"blob:https:\/\/www.douanes.cm\/921389b0-adbe-48af-91ee-253aa74641f1\" alt=\"\"\/><\/figure>\n<\/figure>\n","protected":false},"excerpt":{"rendered":"<p>La JID 2025 est lanc\u00e9e. Monsieur le Ministre des Finances, Louis Paul MOTAZE,\u00a0 a pr\u00e9sid\u00e9 le lundi 20\u00a0 Janvier 2025 la c\u00e9r\u00e9monie de lancement de la 72\u00e8me \u00c9dition de la Journ\u00e9e Internationale de la Douane plac\u00e9e sous le th\u00e8me\u00a0: \u00ab\u00a0Une Douane qui concr\u00e9tise ses engagements en mati\u00e8re d\u2019efficacit\u00e9, de s\u00e9curit\u00e9 et de prosp\u00e9rit\u00e9.\u00a0\u00bb. L&#8217;\u00e9v\u00e9nement qui [&hellip;]<\/p>\n","protected":false},"author":15,"featured_media":7798,"comment_status":"open","ping_status":"open","sticky":false,"template":"","format":"standard","meta":[],"categories":[4],"tags":[],"_links":{"self":[{"href":"http:\/\/www.douanes.cm\/douanes-cameroun\/wp-json\/wp\/v2\/posts\/7787"}],"collection":[{"href":"http:\/\/www.douanes.cm\/douanes-cameroun\/wp-json\/wp\/v2\/posts"}],"about":[{"href":"http:\/\/www.douanes.cm\/douanes-cameroun\/wp-json\/wp\/v2\/types\/post"}],"author":[{"embeddable":true,"href":"http:\/\/www.douanes.cm\/douanes-cameroun\/wp-json\/wp\/v2\/users\/15"}],"replies":[{"embeddable":true,"href":"http:\/\/www.douanes.cm\/douanes-cameroun\/wp-json\/wp\/v2\/comments?post=7787"}],"version-history":[{"count":1,"href":"http:\/\/www.douanes.cm\/douanes-cameroun\/wp-json\/wp\/v2\/posts\/7787\/revisions"}],"predecessor-version":[{"id":7799,"href":"http:\/\/www.douanes.cm\/douanes-cameroun\/wp-json\/wp\/v2\/posts\/7787\/revisions\/7799"}],"wp:featuredmedia":[{"embeddable":true,"href":"http:\/\/www.douanes.cm\/douanes-cameroun\/wp-json\/wp\/v2\/media\/7798"}],"wp:attachment":[{"href":"http:\/\/www.douanes.cm\/douanes-cameroun\/wp-json\/wp\/v2\/media?parent=7787"}],"wp:term":[{"taxonomy":"category","embeddable":true,"href":"http:\/\/www.douanes.cm\/douanes-cameroun\/wp-json\/wp\/v2\/categories?post=7787"},{"taxonomy":"post_tag","embeddable":true,"href":"http:\/\/www.douanes.cm\/douanes-cameroun\/wp-json\/wp\/v2\/tags?post=7787"}],"curies":[{"name":"wp","href":"https:\/\/api.w.org\/{rel}","templated":true}]}}