{"id":7675,"date":"2024-09-19T16:52:32","date_gmt":"2024-09-19T16:52:32","guid":{"rendered":"http:\/\/www.douanes.cm\/douanes-cameroun\/?p=7675"},"modified":"2024-09-19T16:53:32","modified_gmt":"2024-09-19T16:53:32","slug":"extrait-de-discours-de-madame-bowombe-tabi-angele-chef-de-centre","status":"publish","type":"post","link":"http:\/\/www.douanes.cm\/douanes-cameroun\/7675\/extrait-de-discours-de-madame-bowombe-tabi-angele-chef-de-centre\/","title":{"rendered":"EXTRAIT DE DISCOURS DE Madame BOWOMBE TABI Ang\u00e8le, Chef de Centre."},"content":{"rendered":"\n<p><strong>EXTRAIT DE DISCOURS DE Madame BOWOMBE TABI Ang\u00e8le, Chef de Centre.<\/strong><\/p>\n\n\n<div class=\"wp-block-image\">\n<figure class=\"aligncenter size-large is-resized\"><img loading=\"lazy\" src=\"http:\/\/www.douanes.cm\/douanes-cameroun\/wp-content\/uploads\/2024\/09\/WhatsApp-Image-2024-09-19-at-15.40.36-683x1024.jpeg\" alt=\"\" class=\"wp-image-7676\" width=\"244\" height=\"366\" srcset=\"http:\/\/www.douanes.cm\/douanes-cameroun\/wp-content\/uploads\/2024\/09\/WhatsApp-Image-2024-09-19-at-15.40.36-683x1024.jpeg 683w, http:\/\/www.douanes.cm\/douanes-cameroun\/wp-content\/uploads\/2024\/09\/WhatsApp-Image-2024-09-19-at-15.40.36-200x300.jpeg 200w, http:\/\/www.douanes.cm\/douanes-cameroun\/wp-content\/uploads\/2024\/09\/WhatsApp-Image-2024-09-19-at-15.40.36.jpeg 720w\" sizes=\"(max-width: 244px) 100vw, 244px\" \/><\/figure><\/div>\n\n\n<p><strong>\u00ab&nbsp;<\/strong>A titre illustratif, le 03 cursus de formation mis en place par l\u2019Arr\u00eat\u00e9 N\u00b00000824\/MINFI du 09 novembre 2020 \u00e0 savoir&nbsp;: le cursus du renforcement de capacit\u00e9 des personnels de l\u2019Administration des Douanes, celui de la formation initiale et continue des fonctionnaires de cat\u00e9gorie \u00ab&nbsp;C et D&nbsp;\u00bb, et celui de la formation professionnelle en Duane-Transit ouvert aux partenaires priv\u00e9s du commerce ext\u00e9rieurs sont tous op\u00e9rationnels et accueillent respectivement des stagiaires, des \u00e9l\u00e8ves, ainsi que des apprenants. C\u2019est ainsi que&nbsp;: 375 laur\u00e9ats de ce jour auront b\u00e9n\u00e9fici\u00e9 de la formation de D\u00e9clarant en douane&nbsp;; de nombreux op\u00e9rateurs \u00e9conomiques ont b\u00e9n\u00e9fici\u00e9 du renforcement de capacit\u00e9s sur les innovations de la Loi de Finances en mati\u00e8res douani\u00e8res&nbsp;; des d\u00e9l\u00e9gations des douanes \u00e9trang\u00e8res ont effectu\u00e9 des visites d\u2019\u00e9tudes \u00e0 l\u2019exemple des douanes comorienne et nig\u00e9rienne&nbsp;; plus de 3&nbsp;000 agents des douanes ont renforc\u00e9 leurs capacit\u00e9s dans les domaines tels que&nbsp;: l\u2019accueil des usagers des plateformes a\u00e9roportuaires&nbsp;; la maitrise des instruments r\u00e8glementaires&nbsp;; la lutte contre la fraude fiscale&nbsp;; la surveillance du territoire&nbsp;; l\u2019\u00e9valuation en douane&nbsp;; la maitrise de la chaine de d\u00e9pense&nbsp;; l\u2019\u00e9thique et la d\u00e9ontologie professionnelle&nbsp;; la collaboration Douane-Forces de d\u00e9fense et de s\u00e9curit\u00e9 \u00e0 l\u2019aune de l\u2019int\u00e9gration \u00e0 la Communaut\u00e9 de D\u00e9fense et de s\u00e9curit\u00e9.<\/p>\n\n\n\n<p>&nbsp;&nbsp;&nbsp; Le parcours de formation des apprenants D\u00e9clarants en Douane a dur\u00e9 09 mois dont 06 consacr\u00e9s au cours th\u00e9oriques et 03 au stage pratique en Entreprise. Celle-ci a t\u00e9t\u00e9 sanctionn\u00e9e par des \u00e9valuations \u00e9crites et des soutenances de rapport. C\u2019est le lieu d\u2019adresser notre gratitude aux apprenants ainsi qu\u2019\u00e0 leur famille pour le choix de notre institution dont j\u2019en suis persuad\u00e9e, garantie plus de cr\u00e9dibilit\u00e9 en mati\u00e8re de formation sur les questions douani\u00e8res&nbsp;\u00bb.<\/p>\n","protected":false},"excerpt":{"rendered":"<p>EXTRAIT DE DISCOURS DE Madame BOWOMBE TABI Ang\u00e8le, Chef de Centre. \u00ab&nbsp;A titre illustratif, le 03 cursus de formation mis en place par l\u2019Arr\u00eat\u00e9 N\u00b00000824\/MINFI du 09 novembre 2020 \u00e0 savoir&nbsp;: le cursus du renforcement de capacit\u00e9 des personnels de l\u2019Administration des Douanes, celui de la formation initiale et continue des fonctionnaires de cat\u00e9gorie \u00ab&nbsp;C [&hellip;]<\/p>\n","protected":false},"author":1,"featured_media":7676,"comment_status":"open","ping_status":"open","sticky":false,"template":"","format":"standard","meta":[],"categories":[4],"tags":[],"_links":{"self":[{"href":"http:\/\/www.douanes.cm\/douanes-cameroun\/wp-json\/wp\/v2\/posts\/7675"}],"collection":[{"href":"http:\/\/www.douanes.cm\/douanes-cameroun\/wp-json\/wp\/v2\/posts"}],"about":[{"href":"http:\/\/www.douanes.cm\/douanes-cameroun\/wp-json\/wp\/v2\/types\/post"}],"author":[{"embeddable":true,"href":"http:\/\/www.douanes.cm\/douanes-cameroun\/wp-json\/wp\/v2\/users\/1"}],"replies":[{"embeddable":true,"href":"http:\/\/www.douanes.cm\/douanes-cameroun\/wp-json\/wp\/v2\/comments?post=7675"}],"version-history":[{"count":1,"href":"http:\/\/www.douanes.cm\/douanes-cameroun\/wp-json\/wp\/v2\/posts\/7675\/revisions"}],"predecessor-version":[{"id":7677,"href":"http:\/\/www.douanes.cm\/douanes-cameroun\/wp-json\/wp\/v2\/posts\/7675\/revisions\/7677"}],"wp:featuredmedia":[{"embeddable":true,"href":"http:\/\/www.douanes.cm\/douanes-cameroun\/wp-json\/wp\/v2\/media\/7676"}],"wp:attachment":[{"href":"http:\/\/www.douanes.cm\/douanes-cameroun\/wp-json\/wp\/v2\/media?parent=7675"}],"wp:term":[{"taxonomy":"category","embeddable":true,"href":"http:\/\/www.douanes.cm\/douanes-cameroun\/wp-json\/wp\/v2\/categories?post=7675"},{"taxonomy":"post_tag","embeddable":true,"href":"http:\/\/www.douanes.cm\/douanes-cameroun\/wp-json\/wp\/v2\/tags?post=7675"}],"curies":[{"name":"wp","href":"https:\/\/api.w.org\/{rel}","templated":true}]}}