{"id":7487,"date":"2023-08-07T10:55:04","date_gmt":"2023-08-07T10:55:04","guid":{"rendered":"http:\/\/www.douanes.cm\/douanes-cameroun\/?p=7487"},"modified":"2023-08-07T11:30:50","modified_gmt":"2023-08-07T11:30:50","slug":"ape-huitieme-phase-de-demantelement-tarifaire","status":"publish","type":"post","link":"http:\/\/www.douanes.cm\/douanes-cameroun\/7487\/ape-huitieme-phase-de-demantelement-tarifaire\/","title":{"rendered":"APE : HUITIEME PHASE DE DEMANTELEMENT TARIFAIRE"},"content":{"rendered":"\n<figure class=\"wp-block-image size-full\"><img loading=\"lazy\" width=\"899\" height=\"355\" src=\"http:\/\/www.douanes.cm\/douanes-cameroun\/wp-content\/uploads\/2022\/08\/12-0.png\" alt=\"\" class=\"wp-image-4650\" srcset=\"http:\/\/www.douanes.cm\/douanes-cameroun\/wp-content\/uploads\/2022\/08\/12-0.png 899w, http:\/\/www.douanes.cm\/douanes-cameroun\/wp-content\/uploads\/2022\/08\/12-0-300x118.png 300w, http:\/\/www.douanes.cm\/douanes-cameroun\/wp-content\/uploads\/2022\/08\/12-0-768x303.png 768w\" sizes=\"(max-width: 899px) 100vw, 899px\" \/><\/figure>\n\n\n\n<p><strong>Dans le cadre du d\u00e9ploiement de la huiti\u00e8me phase de d\u00e9mant\u00e8lement tarifaire de l&#8217;Accord de Partenariat Economique entre l&#8217;Union Europ\u00e9enne et le Cameroun du 04\/08\/2023 au 03\/08\/2024,<\/strong><\/p>\n\n\n\n<p>La Direction G\u00e9n\u00e9rale des Douanes publie :<\/p>\n\n\n\n<p>1) la liste des produits et taux applicables pour les produits respectant les conditions d&#8217;\u00e9ligibilit\u00e9 du\u00a0<a href=\"http:\/\/www.douanes.cm\/douanes-cameroun\/wp-content\/uploads\/2023\/08\/APE_CM-UE_8E-PHASE_GROUPE1.pdf\" data-type=\"URL\" data-id=\"http:\/\/www.douanes.cm\/douanes-cameroun\/wp-content\/uploads\/2023\/08\/APE_CM-UE_8E-PHASE_GROUPE1.pdf\" target=\"_blank\" rel=\"noreferrer noopener\">Groupe I<\/a><\/p>\n\n\n\n<p>2) la liste des produits et taux applicables pour les produits respectant les conditions d&#8217;\u00e9ligibilit\u00e9 du\u00a0<a href=\"http:\/\/www.douanes.cm\/douanes-cameroun\/wp-content\/uploads\/2023\/08\/APE_CM-UE_8E-PHASE_GROUPE2.pdf\" target=\"_blank\" rel=\"noreferrer noopener\">Groupe II<\/a>\u00a0\u00a0<\/p>\n\n\n\n<p>3) la liste des produits et taux applicables pour les produits respectant les conditions d&#8217;\u00e9ligibilit\u00e9 du\u00a0<a href=\"http:\/\/www.douanes.cm\/douanes-cameroun\/wp-content\/uploads\/2023\/08\/APE_CM-UE_8E-PHASE_GROUPE3.pdf\" target=\"_blank\" rel=\"noreferrer noopener\">Groupe II<\/a>I\u00a0\u00a0 \u00a0<\/p>\n\n\n\n<p>4) La liste des pays membres de l&#8217;Union Europ\u00e9enne concern\u00e9s<\/p>\n\n\n\n<p><strong>NB:&nbsp;<\/strong><\/p>\n\n\n\n<p>i) Le Droit de Douane \u00e0 l&#8217;importation (DDI) des produits concern\u00e9s du groupe 1 restera r\u00e9duit de 100%; les autres droits et taxes restants inchang\u00e9s<\/p>\n\n\n\n<p>ii) Le Droit de Douane \u00e0 l&#8217;importation (DDI) des produits concern\u00e9s du groupe 2 sera r\u00e9duit de 100%; les autres droits et taxes restants inchang\u00e9s&nbsp;&nbsp;<\/p>\n\n\n\n<p>iii) Le Droit de Douane \u00e0 l&#8217;importation (DDI) des produits concern\u00e9s du groupe 3 sera r\u00e9duit de 40%; les autres droits et taxes restants inchang\u00e9s&nbsp; &nbsp;&nbsp;<\/p>\n\n\n\n<p>iv) Seules sont concern\u00e9es, les importations d&#8217;origine et de provenance Union Europ\u00e9enne.<\/p>\n","protected":false},"excerpt":{"rendered":"<p>Dans le cadre du d\u00e9ploiement de la huiti\u00e8me phase de d\u00e9mant\u00e8lement tarifaire de l&#8217;Accord de Partenariat Economique entre l&#8217;Union Europ\u00e9enne et le Cameroun du 04\/08\/2023 au 03\/08\/2024, La Direction G\u00e9n\u00e9rale des Douanes publie : 1) la liste des produits et taux applicables pour les produits respectant les conditions d&#8217;\u00e9ligibilit\u00e9 du\u00a0Groupe I 2) la liste des [&hellip;]<\/p>\n","protected":false},"author":1,"featured_media":4650,"comment_status":"open","ping_status":"open","sticky":true,"template":"","format":"standard","meta":[],"categories":[4],"tags":[],"_links":{"self":[{"href":"http:\/\/www.douanes.cm\/douanes-cameroun\/wp-json\/wp\/v2\/posts\/7487"}],"collection":[{"href":"http:\/\/www.douanes.cm\/douanes-cameroun\/wp-json\/wp\/v2\/posts"}],"about":[{"href":"http:\/\/www.douanes.cm\/douanes-cameroun\/wp-json\/wp\/v2\/types\/post"}],"author":[{"embeddable":true,"href":"http:\/\/www.douanes.cm\/douanes-cameroun\/wp-json\/wp\/v2\/users\/1"}],"replies":[{"embeddable":true,"href":"http:\/\/www.douanes.cm\/douanes-cameroun\/wp-json\/wp\/v2\/comments?post=7487"}],"version-history":[{"count":5,"href":"http:\/\/www.douanes.cm\/douanes-cameroun\/wp-json\/wp\/v2\/posts\/7487\/revisions"}],"predecessor-version":[{"id":7502,"href":"http:\/\/www.douanes.cm\/douanes-cameroun\/wp-json\/wp\/v2\/posts\/7487\/revisions\/7502"}],"wp:featuredmedia":[{"embeddable":true,"href":"http:\/\/www.douanes.cm\/douanes-cameroun\/wp-json\/wp\/v2\/media\/4650"}],"wp:attachment":[{"href":"http:\/\/www.douanes.cm\/douanes-cameroun\/wp-json\/wp\/v2\/media?parent=7487"}],"wp:term":[{"taxonomy":"category","embeddable":true,"href":"http:\/\/www.douanes.cm\/douanes-cameroun\/wp-json\/wp\/v2\/categories?post=7487"},{"taxonomy":"post_tag","embeddable":true,"href":"http:\/\/www.douanes.cm\/douanes-cameroun\/wp-json\/wp\/v2\/tags?post=7487"}],"curies":[{"name":"wp","href":"https:\/\/api.w.org\/{rel}","templated":true}]}}