{"id":7118,"date":"2022-11-22T14:00:00","date_gmt":"2022-11-22T14:00:00","guid":{"rendered":"http:\/\/www.douanes.cm\/douanes-cameroun\/?p=7118"},"modified":"2022-11-25T15:36:16","modified_gmt":"2022-11-25T15:36:16","slug":"un-invite-de-marque-a-bastos","status":"publish","type":"post","link":"http:\/\/www.douanes.cm\/douanes-cameroun\/7118\/un-invite-de-marque-a-bastos\/","title":{"rendered":"UN INVITE DE MARQUE A BASTOS"},"content":{"rendered":"<blockquote><p><em>En marge de la traditionnelle r\u00e9union de coordination centrale tenue le lundi 21 novembre 2022, le Directeur G\u00e9n\u00e9ral des Douanes, Monsieur FONGOD Edwin NUVAGA, a re\u00e7u en audience Monsieur Th\u00e9odore Fr\u00e9d\u00e9ric INAMO, Directeur G\u00e9n\u00e9ral des Douanes centrafricaines, en s\u00e9jour au Cameroun.<\/em><\/p><\/blockquote>\n<p><strong>&#8220;La Douane Centrafricaine est toujours avec la Douane Camerounaise&#8221;.<\/strong> C&#8217;est par cette expression liminaire que<strong> FONGOD Edwin NUVAGA<\/strong>, Directeur G\u00e9n\u00e9ral des Douanes du Cameroun, a souhait\u00e9 la bienvenue \u00e0 son homologue centrafricain, <strong>Th\u00e9odore Fr\u00e9d\u00e9ric INAMO<\/strong>. Accueillie \u00e0 l&#8217;esplanade de la Direction G\u00e9n\u00e9rale des Douanes au quartier Bastos \u00e0 Yaound\u00e9, la d\u00e9l\u00e9gation des Douanes Centrafricaines a eu droit aux honneurs. Le Directeur G\u00e9n\u00e9ral des Douanes et ses principaux collaborateurs \u00e9taient pr\u00e9sents. De m\u00eame, la section musicale et un piquet du Groupement Sp\u00e9cial d\u2019Intervention Douani\u00e8re (GSID) ont \u00e9t\u00e9 mobilis\u00e9s, pour le rituel militaire.<\/p>\n<p><strong>Th\u00e9odore Fr\u00e9d\u00e9ric INAMO<\/strong> a d\u00e9clin\u00e9 l&#8217;objectif de cette visite de travail au Cameroun en 04 points : le benchmarking sur la migration informatique de SYDONIA++ au CAMCIS ; l&#8217;am\u00e9lioration du suivi par g\u00e9o-localisation des marchandises en transit \u00e0 destination de la RCA ; le renforcement de la collaboration entre les deux administrations douani\u00e8res ; la participation des Douanes centrafricaines aux obs\u00e8ques de l&#8217;Inspecteur Principal des Douanes SAMA II \u00c9tienne.<\/p>\n<p>La rencontre du\u00a0\u00a0 21 novembre 2022 fait suite \u00e0 une concertation bilat\u00e9rale tenue au Cameroun en Septembre 2016, laquelle avait abouti notamment au renouvellement du protocole d&#8217;accord sur l&#8217;assistance administrative mutuelle entre les Douanes Camerounaises et les Douanes Centrafricaines.<\/p>\n<p>La d\u00e9mat\u00e9rialisation des proc\u00e9dures douani\u00e8res est en ligne de mire actuellement dans les Douanes Centrafricaines. Deux projets phares sont illustr\u00e9s \u00e0 ce propos. D&#8217;une part, la gestion de la g\u00e9o-localisation des marchandises. D&#8217;autre part, la migration de SYDONIA++ vers SYDONIA\u00a0 Word.<\/p>\n<p>Rappelons que 80% des marchandises centrafricaines transitent par le Port de Douala. La relation Cameroun-RCA est naturelle. Elle est appel\u00e9e \u00e0 se renforcer dans l&#8217;int\u00e9r\u00eat mutuel des deux administrations douani\u00e8res, des deux pays fr\u00e8res et amis.<\/p>\n","protected":false},"excerpt":{"rendered":"<p>En marge de la traditionnelle r\u00e9union de coordination centrale tenue le lundi 21 novembre 2022, le Directeur G\u00e9n\u00e9ral des Douanes, Monsieur FONGOD Edwin NUVAGA, a re\u00e7u en audience Monsieur Th\u00e9odore Fr\u00e9d\u00e9ric INAMO, Directeur G\u00e9n\u00e9ral des Douanes centrafricaines, en s\u00e9jour au Cameroun. &#8220;La Douane Centrafricaine est toujours avec la Douane Camerounaise&#8221;. C&#8217;est par cette expression liminaire [&hellip;]<\/p>\n","protected":false},"author":1,"featured_media":7113,"comment_status":"closed","ping_status":"closed","sticky":false,"template":"","format":"standard","meta":[],"categories":[4],"tags":[],"_links":{"self":[{"href":"http:\/\/www.douanes.cm\/douanes-cameroun\/wp-json\/wp\/v2\/posts\/7118"}],"collection":[{"href":"http:\/\/www.douanes.cm\/douanes-cameroun\/wp-json\/wp\/v2\/posts"}],"about":[{"href":"http:\/\/www.douanes.cm\/douanes-cameroun\/wp-json\/wp\/v2\/types\/post"}],"author":[{"embeddable":true,"href":"http:\/\/www.douanes.cm\/douanes-cameroun\/wp-json\/wp\/v2\/users\/1"}],"replies":[{"embeddable":true,"href":"http:\/\/www.douanes.cm\/douanes-cameroun\/wp-json\/wp\/v2\/comments?post=7118"}],"version-history":[{"count":2,"href":"http:\/\/www.douanes.cm\/douanes-cameroun\/wp-json\/wp\/v2\/posts\/7118\/revisions"}],"predecessor-version":[{"id":7122,"href":"http:\/\/www.douanes.cm\/douanes-cameroun\/wp-json\/wp\/v2\/posts\/7118\/revisions\/7122"}],"wp:featuredmedia":[{"embeddable":true,"href":"http:\/\/www.douanes.cm\/douanes-cameroun\/wp-json\/wp\/v2\/media\/7113"}],"wp:attachment":[{"href":"http:\/\/www.douanes.cm\/douanes-cameroun\/wp-json\/wp\/v2\/media?parent=7118"}],"wp:term":[{"taxonomy":"category","embeddable":true,"href":"http:\/\/www.douanes.cm\/douanes-cameroun\/wp-json\/wp\/v2\/categories?post=7118"},{"taxonomy":"post_tag","embeddable":true,"href":"http:\/\/www.douanes.cm\/douanes-cameroun\/wp-json\/wp\/v2\/tags?post=7118"}],"curies":[{"name":"wp","href":"https:\/\/api.w.org\/{rel}","templated":true}]}}